{"id":2498,"date":"2024-01-09T16:47:05","date_gmt":"2024-01-09T19:47:05","guid":{"rendered":"https:\/\/www.noticiasmas.com.ar\/?p=2498"},"modified":"2024-01-09T16:47:06","modified_gmt":"2024-01-09T19:47:06","slug":"billetera-santa-fe-2024-promociones-exclusivas-de-los-comerciantes-y-hasta-2000-de-reintegro-por-comercio","status":"publish","type":"post","link":"https:\/\/www.noticiasmas.com.ar\/index.php\/2024\/01\/09\/billetera-santa-fe-2024-promociones-exclusivas-de-los-comerciantes-y-hasta-2000-de-reintegro-por-comercio\/","title":{"rendered":"Billetera Santa Fe 2024: promociones exclusivas de los comerciantes y hasta $2000 de reintegro por comercio"},"content":{"rendered":"\n<p><\/p>\n\n\n\n<p><\/p>\n\n\n\n<p><\/p>\n\n\n\n<p>Billetera Santa Fe funcionar\u00e1 durante este 2024 de maneras muy diferentes a las que la poblaci\u00f3n santafesina se acostumbr\u00f3 a lo largo de los cuatro a\u00f1os que estuvo presente como pol\u00edtica del antiguo gobierno provincial.<\/p>\n\n\n\n<p>Ahora, la llegada de Maximiliano Pullaro y su postura de revisar c\u00f3mo funcionaba este programa de fomento al consumo hizo que se de un cambio radical en el modo en que se realizar\u00e1n promociones a trav\u00e9s de esta billetera virtual.<\/p>\n\n\n\n<p>Los reintegros fijos de $5000 mensuales ya no existen m\u00e1s. Ahora, el <em>Nuevo Programa de Reintegros<\/em> lanzado por la Secretar\u00eda de Comercio Interior de Santa Fe invita a los comercios a adherirse y ser ellos quienes ofrezcan<strong> las promociones con los descuentos<\/strong> que consideren oportunas.<\/p>\n\n\n\n<p>De este modo, se fija un tope de $2000 de reintegro por comercio, ya no un l\u00edmite total para el uso mensual de la billetera virtual. Esta vez, a diferencia del funcionamiento anterior, ser\u00e1 el comercio quien se har\u00e1 cargo del reintegro en favor del consumidor.<\/p>\n\n\n\n<p><strong>No hay est\u00edmulo<\/strong><\/p>\n\n\n\n<p>Funcionando de este modo, \u201c<em>el comerciante mas bien no tiene ning\u00fan beneficio<\/em>. Mas teniendo en cuenta el costo, que es mayor al del resto de los medios de pago\u201d se\u00f1al\u00f3 Sergio Casinerio, presidente de la C\u00e1mara de Supermercados de Rosario, a La Capital.<\/p>\n\n\n\n<p>En este momento, no fueron formalizadas las estructuras del nuevo sistema con los comerciantes, quienes ser\u00edan los que mantendr\u00edan este programa y la billetera virtual santafesina. &nbsp;<\/p>\n","protected":false},"excerpt":{"rendered":"<p>Billetera Santa Fe funcionar\u00e1 durante este 2024 de maneras muy diferentes a las que la poblaci\u00f3n santafesina se acostumbr\u00f3 a lo largo de los cuatro a\u00f1os que estuvo presente como pol\u00edtica del antiguo gobierno provincial. Ahora, la llegada de Maximiliano Pullaro y su postura de revisar c\u00f3mo funcionaba este programa de fomento al consumo hizo [&hellip;]<\/p>\n","protected":false},"author":9,"featured_media":2499,"comment_status":"closed","ping_status":"open","sticky":false,"template":"","format":"standard","meta":{"tdm_status":"","tdm_grid_status":"","footnotes":""},"categories":[2],"tags":[511,1041,104,18],"class_list":{"0":"post-2498","1":"post","2":"type-post","3":"status-publish","4":"format-standard","5":"has-post-thumbnail","7":"category-economia","8":"tag-billetera-santa-fe","9":"tag-consumo","10":"tag-economia","11":"tag-santa-fe"},"_links":{"self":[{"href":"https:\/\/www.noticiasmas.com.ar\/index.php\/wp-json\/wp\/v2\/posts\/2498","targetHints":{"allow":["GET"]}}],"collection":[{"href":"https:\/\/www.noticiasmas.com.ar\/index.php\/wp-json\/wp\/v2\/posts"}],"about":[{"href":"https:\/\/www.noticiasmas.com.ar\/index.php\/wp-json\/wp\/v2\/types\/post"}],"author":[{"embeddable":true,"href":"https:\/\/www.noticiasmas.com.ar\/index.php\/wp-json\/wp\/v2\/users\/9"}],"replies":[{"embeddable":true,"href":"https:\/\/www.noticiasmas.com.ar\/index.php\/wp-json\/wp\/v2\/comments?post=2498"}],"version-history":[{"count":1,"href":"https:\/\/www.noticiasmas.com.ar\/index.php\/wp-json\/wp\/v2\/posts\/2498\/revisions"}],"predecessor-version":[{"id":2500,"href":"https:\/\/www.noticiasmas.com.ar\/index.php\/wp-json\/wp\/v2\/posts\/2498\/revisions\/2500"}],"wp:featuredmedia":[{"embeddable":true,"href":"https:\/\/www.noticiasmas.com.ar\/index.php\/wp-json\/wp\/v2\/media\/2499"}],"wp:attachment":[{"href":"https:\/\/www.noticiasmas.com.ar\/index.php\/wp-json\/wp\/v2\/media?parent=2498"}],"wp:term":[{"taxonomy":"category","embeddable":true,"href":"https:\/\/www.noticiasmas.com.ar\/index.php\/wp-json\/wp\/v2\/categories?post=2498"},{"taxonomy":"post_tag","embeddable":true,"href":"https:\/\/www.noticiasmas.com.ar\/index.php\/wp-json\/wp\/v2\/tags?post=2498"}],"curies":[{"name":"wp","href":"https:\/\/api.w.org\/{rel}","templated":true}]}}