{"id":2629,"date":"2024-01-12T08:16:41","date_gmt":"2024-01-12T11:16:41","guid":{"rendered":"https:\/\/www.noticiasmas.com.ar\/?p=2629"},"modified":"2024-01-12T08:16:42","modified_gmt":"2024-01-12T11:16:42","slug":"el-viernes-se-despide-con-mucho-calor-y-persiste-el-anuncio-de-lluvias-para-nuestra-region","status":"publish","type":"post","link":"https:\/\/www.noticiasmas.com.ar\/index.php\/2024\/01\/12\/el-viernes-se-despide-con-mucho-calor-y-persiste-el-anuncio-de-lluvias-para-nuestra-region\/","title":{"rendered":"El viernes se despide con mucho calor y persiste el anuncio de lluvias para nuestra regi\u00f3n"},"content":{"rendered":"\n<p>El term\u00f3metro marcar\u00e1 una m\u00e1xima de 30 grados para esta nueva jornada. El fin de semana las condiciones clim\u00e1ticas comenzar\u00e1n a cambiar y tendremos tormentas durante todo el domingo. <\/p>\n\n\n\n<p>El d\u00eda comenz\u00f3 con una brisa agradable del sector este a 15km\/h y una temperatura m\u00ednima de 20 grados. El Servicio Meteorol\u00f3gico Nacional indica que este viernes sentiremos el verano a pleno con una m\u00e1xima que rondar\u00e1 los 30 grados acompa\u00f1ados por humedad del 78 por ciento. <\/p>\n\n\n\n<p>Para ma\u00f1ana s\u00e1bado las condiciones comenzar\u00e1n a cambiar y el cielo se presentar\u00e1 cargado de nubes y algo inestable. El anuncio de precipitaciones para nuestra regi\u00f3n se ver\u00e1 durante todo el domingo. <\/p>\n","protected":false},"excerpt":{"rendered":"<p>El term\u00f3metro marcar\u00e1 una m\u00e1xima de 30 grados para esta nueva jornada. El fin de semana las condiciones clim\u00e1ticas comenzar\u00e1n a cambiar y tendremos tormentas durante todo el domingo. El d\u00eda comenz\u00f3 con una brisa agradable del sector este a 15km\/h y una temperatura m\u00ednima de 20 grados. El Servicio Meteorol\u00f3gico Nacional indica que este [&hellip;]<\/p>\n","protected":false},"author":3,"featured_media":2630,"comment_status":"closed","ping_status":"open","sticky":false,"template":"","format":"standard","meta":{"tdm_status":"","tdm_grid_status":"","footnotes":""},"categories":[13],"tags":[178,193,89],"class_list":{"0":"post-2629","1":"post","2":"type-post","3":"status-publish","4":"format-standard","5":"has-post-thumbnail","7":"category-region","8":"tag-calor","9":"tag-smn","10":"tag-verano"},"_links":{"self":[{"href":"https:\/\/www.noticiasmas.com.ar\/index.php\/wp-json\/wp\/v2\/posts\/2629","targetHints":{"allow":["GET"]}}],"collection":[{"href":"https:\/\/www.noticiasmas.com.ar\/index.php\/wp-json\/wp\/v2\/posts"}],"about":[{"href":"https:\/\/www.noticiasmas.com.ar\/index.php\/wp-json\/wp\/v2\/types\/post"}],"author":[{"embeddable":true,"href":"https:\/\/www.noticiasmas.com.ar\/index.php\/wp-json\/wp\/v2\/users\/3"}],"replies":[{"embeddable":true,"href":"https:\/\/www.noticiasmas.com.ar\/index.php\/wp-json\/wp\/v2\/comments?post=2629"}],"version-history":[{"count":1,"href":"https:\/\/www.noticiasmas.com.ar\/index.php\/wp-json\/wp\/v2\/posts\/2629\/revisions"}],"predecessor-version":[{"id":2631,"href":"https:\/\/www.noticiasmas.com.ar\/index.php\/wp-json\/wp\/v2\/posts\/2629\/revisions\/2631"}],"wp:featuredmedia":[{"embeddable":true,"href":"https:\/\/www.noticiasmas.com.ar\/index.php\/wp-json\/wp\/v2\/media\/2630"}],"wp:attachment":[{"href":"https:\/\/www.noticiasmas.com.ar\/index.php\/wp-json\/wp\/v2\/media?parent=2629"}],"wp:term":[{"taxonomy":"category","embeddable":true,"href":"https:\/\/www.noticiasmas.com.ar\/index.php\/wp-json\/wp\/v2\/categories?post=2629"},{"taxonomy":"post_tag","embeddable":true,"href":"https:\/\/www.noticiasmas.com.ar\/index.php\/wp-json\/wp\/v2\/tags?post=2629"}],"curies":[{"name":"wp","href":"https:\/\/api.w.org\/{rel}","templated":true}]}}