{"id":2684,"date":"2024-01-13T09:29:26","date_gmt":"2024-01-13T12:29:26","guid":{"rendered":"https:\/\/www.noticiasmas.com.ar\/?p=2684"},"modified":"2024-01-13T09:29:26","modified_gmt":"2024-01-13T12:29:26","slug":"sabado-a-pleno-sol-y-temperaturas-al-maximo","status":"publish","type":"post","link":"https:\/\/www.noticiasmas.com.ar\/index.php\/2024\/01\/13\/sabado-a-pleno-sol-y-temperaturas-al-maximo\/","title":{"rendered":"S\u00e1bado a pleno sol y temperaturas al m\u00e1ximo"},"content":{"rendered":"\n<p>El term\u00f3metro marcar\u00e1 hoy los 32 grados en nuestra regi\u00f3n y el SMN anuncia para ma\u00f1ana domingo inestable. <\/p>\n\n\n\n<p>Este s\u00e1bado amaneci\u00f3 con una m\u00ednima de 22 grados y el cielo sin nubes, lo que anuncia que tendremos otro d\u00eda agobiante con la m\u00e1xima que llegar\u00e1 a los 32 grados seg\u00fan el Servicio Meteorol\u00f3gico Nacional. Adem\u00e1s el SMN a emiti\u00f3 un alerta de nivel amarillo por temperaturas extremas en la regi\u00f3n.\u00a0<\/p>\n\n\n\n<p>Para ma\u00f1ana domingo las condiciones cambiar\u00edan pero con temperaturas que se mantendr\u00e1n entre los 17 y 30\u00b0C con probabilidades de tormentas fuertes para gran parte del d\u00eda. <\/p>\n","protected":false},"excerpt":{"rendered":"<p>El term\u00f3metro marcar\u00e1 hoy los 32 grados en nuestra regi\u00f3n y el SMN anuncia para ma\u00f1ana domingo inestable. Este s\u00e1bado amaneci\u00f3 con una m\u00ednima de 22 grados y el cielo sin nubes, lo que anuncia que tendremos otro d\u00eda agobiante con la m\u00e1xima que llegar\u00e1 a los 32 grados seg\u00fan el Servicio Meteorol\u00f3gico Nacional. Adem\u00e1s [&hellip;]<\/p>\n","protected":false},"author":3,"featured_media":2685,"comment_status":"closed","ping_status":"open","sticky":false,"template":"","format":"standard","meta":{"tdm_status":"","tdm_grid_status":"","footnotes":""},"categories":[13],"tags":[178,138,193],"class_list":{"0":"post-2684","1":"post","2":"type-post","3":"status-publish","4":"format-standard","5":"has-post-thumbnail","7":"category-region","8":"tag-calor","9":"tag-clima","10":"tag-smn"},"_links":{"self":[{"href":"https:\/\/www.noticiasmas.com.ar\/index.php\/wp-json\/wp\/v2\/posts\/2684","targetHints":{"allow":["GET"]}}],"collection":[{"href":"https:\/\/www.noticiasmas.com.ar\/index.php\/wp-json\/wp\/v2\/posts"}],"about":[{"href":"https:\/\/www.noticiasmas.com.ar\/index.php\/wp-json\/wp\/v2\/types\/post"}],"author":[{"embeddable":true,"href":"https:\/\/www.noticiasmas.com.ar\/index.php\/wp-json\/wp\/v2\/users\/3"}],"replies":[{"embeddable":true,"href":"https:\/\/www.noticiasmas.com.ar\/index.php\/wp-json\/wp\/v2\/comments?post=2684"}],"version-history":[{"count":1,"href":"https:\/\/www.noticiasmas.com.ar\/index.php\/wp-json\/wp\/v2\/posts\/2684\/revisions"}],"predecessor-version":[{"id":2686,"href":"https:\/\/www.noticiasmas.com.ar\/index.php\/wp-json\/wp\/v2\/posts\/2684\/revisions\/2686"}],"wp:featuredmedia":[{"embeddable":true,"href":"https:\/\/www.noticiasmas.com.ar\/index.php\/wp-json\/wp\/v2\/media\/2685"}],"wp:attachment":[{"href":"https:\/\/www.noticiasmas.com.ar\/index.php\/wp-json\/wp\/v2\/media?parent=2684"}],"wp:term":[{"taxonomy":"category","embeddable":true,"href":"https:\/\/www.noticiasmas.com.ar\/index.php\/wp-json\/wp\/v2\/categories?post=2684"},{"taxonomy":"post_tag","embeddable":true,"href":"https:\/\/www.noticiasmas.com.ar\/index.php\/wp-json\/wp\/v2\/tags?post=2684"}],"curies":[{"name":"wp","href":"https:\/\/api.w.org\/{rel}","templated":true}]}}