{"id":2749,"date":"2024-01-15T14:52:29","date_gmt":"2024-01-15T17:52:29","guid":{"rendered":"https:\/\/www.noticiasmas.com.ar\/?p=2749"},"modified":"2024-01-15T14:52:30","modified_gmt":"2024-01-15T17:52:30","slug":"amsafe-exige-el-cumplimiento-total-del-acuerdo-paritario","status":"publish","type":"post","link":"https:\/\/www.noticiasmas.com.ar\/index.php\/2024\/01\/15\/amsafe-exige-el-cumplimiento-total-del-acuerdo-paritario\/","title":{"rendered":"AMSAFE exige el cumplimiento total del acuerdo paritario"},"content":{"rendered":"\n<p>Este lunes 15 de enero, en el marco del acuerdo paritario vigente del a\u00f1o 2023 y ante la difusi\u00f3n del \u00edndice de inflaci\u00f3n correspondiente al IPC del mes de diciembre y el acumulado 2023, se realiz\u00f3 una conferencia de prensa en la sede sindical de AMSAFE. La misma fue encabezada por Rodrigo Alonso -Sec. Gral. AMSAFE-, Susana Ludmer y Patricia Hern\u00e1ndez -Sec. Adjuntas AMSAFE- y Paulo Juncos -Sec. Gremiales AMSAFE-.<\/p>\n\n\n\n<p>Entre otros conceptos, <strong>Rodrigo Alonso Expres\u00f3 \u00abEstamos exigiendo el cumplimiento de la paritaria, una paritaria que se ha firmado en agosto del a\u00f1o pasado, que establec\u00eda dos cl\u00e1usulas de actualizaci\u00f3n, una en el mes de octubre y otra en el mes de diciembre.<\/strong> Se conoci\u00f3 ya la <strong>inflaci\u00f3n acumulada del a\u00f1o 2023, que es el 215%, un aumento salarial que hemos obtenido del 131%. Por lo tanto, hay 84% de diferencia, <\/strong>un porcentaje que es teniendo en cuenta los salarios del mes de febrero del a\u00f1o 2023. En este sentido, lo que estamos comunicando hoy es que ha salido este dato del IPEC, y que por lo cual estamos exigiendo el estricto cumplimiento de la paritaria. <strong>Es una cl\u00e1usula autom\u00e1tica, es decir, no se negocia de nuevo.\u201d<\/strong><\/p>\n\n\n\n<p>\u201cPara nosotros con la conformaci\u00f3n de este salario, que implica este aumento y adem\u00e1s el pago proporcional de aguinaldo, porque hay que recordar que este aumento termina de conformar el salario del mes de diciembre, y como va a ser el mejor salario del semestre, es necesaria tambi\u00e9n la diferencia del aguinaldo. Con la conformaci\u00f3n de este salario empezamos a discutir la pol\u00edtica salarial 2024\u201d<\/p>\n\n\n\n<p>Alonso record\u00f3 que la <strong>cl\u00e1usula gatillo \u00abincluye a jubilados\u00bb, y que \u00abno es necesario presentar notas, hay un acta paritaria y un decreto\u00bb.<\/strong><\/p>\n\n\n\n<p>\u201cHoy tuvimos una <strong>reuni\u00f3n t\u00e9cnica paritaria relacionada con las condiciones de trabajo en el cual hemos acordado la toma de posesi\u00f3n de cargos y horas c\u00e1tedras para nivel inicial, primario y especial, <\/strong>como as\u00ed tambi\u00e9n todo el <strong>cronograma de titularizaci\u00f3n del nivel secundario. <\/strong>Por lo cual la comisi\u00f3n t\u00e9cnica relacionada a las <strong>condiciones de trabajo ya est\u00e1 funcionando. <\/strong>La comisi\u00f3n t\u00e9cnica referida al salario todav\u00eda no est\u00e1 funcionando porque era necesario tener este dato como para empezar a discutir.\u201d<\/p>\n\n\n\n<p>\u00abLos trabajadores con este incremento vamos a recuperar el poder adquisitivo del salario. Exigimos el estricto cumplimiento del acuerdo paritario\u00bb, concluy\u00f3 el secretario general.<\/p>\n","protected":false},"excerpt":{"rendered":"<p>Este lunes 15 de enero, en el marco del acuerdo paritario vigente del a\u00f1o 2023 y ante la difusi\u00f3n del \u00edndice de inflaci\u00f3n correspondiente al IPC del mes de diciembre y el acumulado 2023, se realiz\u00f3 una conferencia de prensa en la sede sindical de AMSAFE. La misma fue encabezada por Rodrigo Alonso -Sec. Gral. [&hellip;]<\/p>\n","protected":false},"author":3,"featured_media":2750,"comment_status":"closed","ping_status":"open","sticky":false,"template":"","format":"standard","meta":{"tdm_status":"","tdm_grid_status":"","footnotes":""},"categories":[14],"tags":[800,926,1149],"class_list":{"0":"post-2749","1":"post","2":"type-post","3":"status-publish","4":"format-standard","5":"has-post-thumbnail","7":"category-provinciales","8":"tag-amsafe","9":"tag-paritaria-docente","10":"tag-rodrigo-alonso"},"_links":{"self":[{"href":"https:\/\/www.noticiasmas.com.ar\/index.php\/wp-json\/wp\/v2\/posts\/2749","targetHints":{"allow":["GET"]}}],"collection":[{"href":"https:\/\/www.noticiasmas.com.ar\/index.php\/wp-json\/wp\/v2\/posts"}],"about":[{"href":"https:\/\/www.noticiasmas.com.ar\/index.php\/wp-json\/wp\/v2\/types\/post"}],"author":[{"embeddable":true,"href":"https:\/\/www.noticiasmas.com.ar\/index.php\/wp-json\/wp\/v2\/users\/3"}],"replies":[{"embeddable":true,"href":"https:\/\/www.noticiasmas.com.ar\/index.php\/wp-json\/wp\/v2\/comments?post=2749"}],"version-history":[{"count":2,"href":"https:\/\/www.noticiasmas.com.ar\/index.php\/wp-json\/wp\/v2\/posts\/2749\/revisions"}],"predecessor-version":[{"id":2752,"href":"https:\/\/www.noticiasmas.com.ar\/index.php\/wp-json\/wp\/v2\/posts\/2749\/revisions\/2752"}],"wp:featuredmedia":[{"embeddable":true,"href":"https:\/\/www.noticiasmas.com.ar\/index.php\/wp-json\/wp\/v2\/media\/2750"}],"wp:attachment":[{"href":"https:\/\/www.noticiasmas.com.ar\/index.php\/wp-json\/wp\/v2\/media?parent=2749"}],"wp:term":[{"taxonomy":"category","embeddable":true,"href":"https:\/\/www.noticiasmas.com.ar\/index.php\/wp-json\/wp\/v2\/categories?post=2749"},{"taxonomy":"post_tag","embeddable":true,"href":"https:\/\/www.noticiasmas.com.ar\/index.php\/wp-json\/wp\/v2\/tags?post=2749"}],"curies":[{"name":"wp","href":"https:\/\/api.w.org\/{rel}","templated":true}]}}