{"id":2807,"date":"2024-01-16T15:15:45","date_gmt":"2024-01-16T18:15:45","guid":{"rendered":"https:\/\/www.noticiasmas.com.ar\/?p=2807"},"modified":"2024-01-16T15:15:46","modified_gmt":"2024-01-16T18:15:46","slug":"timbues-quiere-ser-ciudad-avanza-el-pedido-de-la-comuna-a-la-legislatura-provincial","status":"publish","type":"post","link":"https:\/\/www.noticiasmas.com.ar\/index.php\/2024\/01\/16\/timbues-quiere-ser-ciudad-avanza-el-pedido-de-la-comuna-a-la-legislatura-provincial\/","title":{"rendered":"Timb\u00faes quiere ser ciudad: Avanza el pedido de la comuna a la Legislatura provincial"},"content":{"rendered":"\n<p><\/p>\n\n\n\n<p><em>El proyecto para convertir la comuna de Timb\u00faes en una ciudad avanzar\u00e1 en el \u00e1mbito legislativo por disposici\u00f3n de la diputada Silvana Di Stefano.<\/em><\/p>\n\n\n\n<p>El Gobierno comunal de Timb\u00faes anunci\u00f3 este martes que la diputada provincial Silvana Di Stefano ingresar\u00e1 el proyecto para convertir a la localidad en ciudad.<\/p>\n\n\n\n<p>Este martes, en el marco de los 150 a\u00f1os de la creaci\u00f3n de la \u201cMunicipalidad de la Colonia Jes\u00fas\u201d, primer nombre con el que se conoci\u00f3 al poblado que hoy conforma Timb\u00faes, que la diputada ingresar\u00e1 el proyecto en el fuero legislativo para la transformaci\u00f3n administrativa de la ciudad.<\/p>\n\n\n\n<p>\u201cEs imperante considerar un salto cualitativo de convertir a Timb\u00faes en ciudad, ya que nuestro pueblo demostr\u00f3 un crecimiento sostenido y una serie de caracter\u00edsticas que justifican plenamente su elevaci\u00f3n a la categor\u00eda de ciudad\u201d, se\u00f1al\u00f3 el presidente comunal Antonio Fiorenza.<\/p>\n\n\n\n<p>Timb\u00faes requiere de una poblaci\u00f3n de diez mil habitantes para poder adherir a la Ley Org\u00e1nica de Municipalidades de Santa Fe, algo que el exponencial crecimiento de la localidad hace que est\u00e9 en v\u00edas a conseguirlo. &nbsp;<\/p>\n\n\n\n<p>\u201cLa conversi\u00f3n de Timb\u00faes en ciudad es una medida coherente con el progreso y las necesidades actuales. Confiamos en que la legislatura de Santa Fe considerar\u00e1 favorablemente una propuesta en beneficio del desarrollo y bienestar de la comunidad\u201d concluy\u00f3 Fiorenza.<\/p>\n","protected":false},"excerpt":{"rendered":"<p>El proyecto para convertir la comuna de Timb\u00faes en una ciudad avanzar\u00e1 en el \u00e1mbito legislativo por disposici\u00f3n de la diputada Silvana Di Stefano. El Gobierno comunal de Timb\u00faes anunci\u00f3 este martes que la diputada provincial Silvana Di Stefano ingresar\u00e1 el proyecto para convertir a la localidad en ciudad. Este martes, en el marco de [&hellip;]<\/p>\n","protected":false},"author":9,"featured_media":2808,"comment_status":"closed","ping_status":"open","sticky":false,"template":"","format":"standard","meta":{"tdm_status":"","tdm_grid_status":"","footnotes":""},"categories":[13],"tags":[1170,1064,1169,197],"class_list":{"0":"post-2807","1":"post","2":"type-post","3":"status-publish","4":"format-standard","5":"has-post-thumbnail","7":"category-region","8":"tag-ciudad","9":"tag-diputados","10":"tag-silvana-di-stefano","11":"tag-timbues"},"_links":{"self":[{"href":"https:\/\/www.noticiasmas.com.ar\/index.php\/wp-json\/wp\/v2\/posts\/2807","targetHints":{"allow":["GET"]}}],"collection":[{"href":"https:\/\/www.noticiasmas.com.ar\/index.php\/wp-json\/wp\/v2\/posts"}],"about":[{"href":"https:\/\/www.noticiasmas.com.ar\/index.php\/wp-json\/wp\/v2\/types\/post"}],"author":[{"embeddable":true,"href":"https:\/\/www.noticiasmas.com.ar\/index.php\/wp-json\/wp\/v2\/users\/9"}],"replies":[{"embeddable":true,"href":"https:\/\/www.noticiasmas.com.ar\/index.php\/wp-json\/wp\/v2\/comments?post=2807"}],"version-history":[{"count":1,"href":"https:\/\/www.noticiasmas.com.ar\/index.php\/wp-json\/wp\/v2\/posts\/2807\/revisions"}],"predecessor-version":[{"id":2809,"href":"https:\/\/www.noticiasmas.com.ar\/index.php\/wp-json\/wp\/v2\/posts\/2807\/revisions\/2809"}],"wp:featuredmedia":[{"embeddable":true,"href":"https:\/\/www.noticiasmas.com.ar\/index.php\/wp-json\/wp\/v2\/media\/2808"}],"wp:attachment":[{"href":"https:\/\/www.noticiasmas.com.ar\/index.php\/wp-json\/wp\/v2\/media?parent=2807"}],"wp:term":[{"taxonomy":"category","embeddable":true,"href":"https:\/\/www.noticiasmas.com.ar\/index.php\/wp-json\/wp\/v2\/categories?post=2807"},{"taxonomy":"post_tag","embeddable":true,"href":"https:\/\/www.noticiasmas.com.ar\/index.php\/wp-json\/wp\/v2\/tags?post=2807"}],"curies":[{"name":"wp","href":"https:\/\/api.w.org\/{rel}","templated":true}]}}