{"id":2846,"date":"2024-01-17T14:32:29","date_gmt":"2024-01-17T17:32:29","guid":{"rendered":"https:\/\/www.noticiasmas.com.ar\/?p=2846"},"modified":"2024-01-17T14:32:30","modified_gmt":"2024-01-17T17:32:30","slug":"camara-de-comercio-de-san-lorenzo-reclama-obras-ante-la-llegada-de-miles-de-camiones-por-la-cosecha-2024","status":"publish","type":"post","link":"https:\/\/www.noticiasmas.com.ar\/index.php\/2024\/01\/17\/camara-de-comercio-de-san-lorenzo-reclama-obras-ante-la-llegada-de-miles-de-camiones-por-la-cosecha-2024\/","title":{"rendered":"C\u00e1mara de Comercio de San Lorenzo reclama obras ante la llegada de miles de camiones por la cosecha 2024"},"content":{"rendered":"\n<p><\/p>\n\n\n\n<p><\/p>\n\n\n\n<p>En vistas a lo que ser\u00e1n tres meses de intenso movimiento de camiones en el marco de una <strong>Cosecha Gruesa 2024 <\/strong>que traer\u00e1, seg\u00fan estimaciones del gobierno provincial, <strong>entre 16.000 y 17.000 camiones a las rutas del Cord\u00f3n Industrial<\/strong>, la <strong>C\u00e1mara de Comercio, Industria y Servicios de San Lorenzo<\/strong> expres\u00f3, a trav\u00e9s de un comunicado, que esperan \u201calg\u00fan tipo de paliativo\u201d por parte de las autoridades \u201cprovinciales y nacionales\u201d y que \u201ctomen de manera inmediata\u201d esta cuesti\u00f3n.<\/p>\n\n\n\n<p><em>\u201cLamentablemente, hasta la actualidad, no hemos contado con respuestas y soluciones definitivas, con obras que no se han llevado a cabo u otras que se vieron truncados por diversos motivos\u201d<\/em>, se\u00f1alaron desde la entidad que agrupa a las principales empresas agroexportadoras del Cord\u00f3n Industrial.<\/p>\n\n\n\n<p>Tras la sequ\u00eda y los baj\u00edsimos n\u00fameros en cuanto a cantidad de toneladas exportadas en este 2023, las estimaciones dan cuenta de que ser\u00e1 una \u201ccosecha r\u00e9cord\u201d, algo que traer\u00e1 grandes vol\u00famenes de cereales y oleaginosas, los cuales ser\u00e1n transportados en camiones que colapsar\u00e1n, como pasa a\u00f1o tras a\u00f1o, las rutas y caminos de la regi\u00f3n.<\/p>\n\n\n\n<p>Claro que el principal inconveniente es c\u00f3mo esto afecta la movilidad rutinaria de una regi\u00f3n que moviliza cientos de miles de personas en sus tareas diarias. Este \u201cret\u00e9n\u201d de camiones inmoviliza ambulancias, transportes p\u00fablicos y particulares, y dificulta el d\u00eda a d\u00eda de los habitantes de todas las localidades del departamento San Lorenzo y sus alrededores.<\/p>\n\n\n\n<p><strong>\u201cYa no hay tiempo para el desarrollo de soluciones definitivas<\/strong>, al tiempo que se den se\u00f1ales de respuestas a la desidia de muchos a\u00f1os, la cual resaltamos, no es responsabilidad de estas nuevas gestiones\u201d, sostuvieron en el comunicado.<\/p>\n\n\n\n<p>Para la C\u00e1mara de Comercio, se espera que la Cosecha Gruesa comience a principios de marzo y se extienda, al menos,<strong> durante 90 d\u00edas<\/strong>.<\/p>\n","protected":false},"excerpt":{"rendered":"<p>En vistas a lo que ser\u00e1n tres meses de intenso movimiento de camiones en el marco de una Cosecha Gruesa 2024 que traer\u00e1, seg\u00fan estimaciones del gobierno provincial, entre 16.000 y 17.000 camiones a las rutas del Cord\u00f3n Industrial, la C\u00e1mara de Comercio, Industria y Servicios de San Lorenzo expres\u00f3, a trav\u00e9s de un comunicado, [&hellip;]<\/p>\n","protected":false},"author":9,"featured_media":2852,"comment_status":"closed","ping_status":"open","sticky":false,"template":"","format":"standard","meta":{"tdm_status":"","tdm_grid_status":"","footnotes":""},"categories":[13],"tags":[1191,1032,1061,1030,58],"class_list":{"0":"post-2846","1":"post","2":"type-post","3":"status-publish","4":"format-standard","5":"has-post-thumbnail","7":"category-region","8":"tag-camara-de-comercio-san-lorenzo","9":"tag-camiones","10":"tag-cordon-industrial","11":"tag-cosecha-gruesa","12":"tag-san-lorenzo"},"_links":{"self":[{"href":"https:\/\/www.noticiasmas.com.ar\/index.php\/wp-json\/wp\/v2\/posts\/2846","targetHints":{"allow":["GET"]}}],"collection":[{"href":"https:\/\/www.noticiasmas.com.ar\/index.php\/wp-json\/wp\/v2\/posts"}],"about":[{"href":"https:\/\/www.noticiasmas.com.ar\/index.php\/wp-json\/wp\/v2\/types\/post"}],"author":[{"embeddable":true,"href":"https:\/\/www.noticiasmas.com.ar\/index.php\/wp-json\/wp\/v2\/users\/9"}],"replies":[{"embeddable":true,"href":"https:\/\/www.noticiasmas.com.ar\/index.php\/wp-json\/wp\/v2\/comments?post=2846"}],"version-history":[{"count":1,"href":"https:\/\/www.noticiasmas.com.ar\/index.php\/wp-json\/wp\/v2\/posts\/2846\/revisions"}],"predecessor-version":[{"id":2855,"href":"https:\/\/www.noticiasmas.com.ar\/index.php\/wp-json\/wp\/v2\/posts\/2846\/revisions\/2855"}],"wp:featuredmedia":[{"embeddable":true,"href":"https:\/\/www.noticiasmas.com.ar\/index.php\/wp-json\/wp\/v2\/media\/2852"}],"wp:attachment":[{"href":"https:\/\/www.noticiasmas.com.ar\/index.php\/wp-json\/wp\/v2\/media?parent=2846"}],"wp:term":[{"taxonomy":"category","embeddable":true,"href":"https:\/\/www.noticiasmas.com.ar\/index.php\/wp-json\/wp\/v2\/categories?post=2846"},{"taxonomy":"post_tag","embeddable":true,"href":"https:\/\/www.noticiasmas.com.ar\/index.php\/wp-json\/wp\/v2\/tags?post=2846"}],"curies":[{"name":"wp","href":"https:\/\/api.w.org\/{rel}","templated":true}]}}