{"id":2856,"date":"2024-01-17T14:56:15","date_gmt":"2024-01-17T17:56:15","guid":{"rendered":"https:\/\/www.noticiasmas.com.ar\/?p=2856"},"modified":"2024-01-17T14:56:15","modified_gmt":"2024-01-17T17:56:15","slug":"buscan-a-un-pescador-que-desaparecio-en-el-rio-coronda-tras-la-tormenta","status":"publish","type":"post","link":"https:\/\/www.noticiasmas.com.ar\/index.php\/2024\/01\/17\/buscan-a-un-pescador-que-desaparecio-en-el-rio-coronda-tras-la-tormenta\/","title":{"rendered":"Buscan a un pescador que desapareci\u00f3 en el r\u00edo Coronda tras la tormenta"},"content":{"rendered":"\n<p><\/p>\n\n\n\n<p><\/p>\n\n\n\n<p>Un hombre de 53 a\u00f1os de edad se encuentra perdido en el r\u00edo Coronda, tras no regresar a un parador que se encuentra entre las localidades de Barrancas y Monje luego del intenso temporal que afect\u00f3 la regi\u00f3n en la jornada del martes.<\/p>\n\n\n\n<p>El hombre fue identificado como Andr\u00e9s Fernando Bonagrazia, y sus familiares notificaron el martes por la tarde que no hab\u00eda regresado de r\u00edo adentro, donde habitualmente pescaba en las cercan\u00edas de quinta La Moya.<\/p>\n\n\n\n<p>Los mismos familiares denunciaron a Prefectura Naval Argentina para que encabece la b\u00fasqueda de su paradero. La operaci\u00f3n de rescate comenz\u00f3 ayer pasadas las 14:30, cuando el temporal hab\u00eda cesado, y continu\u00f3 en tanto y cuando la luz del d\u00eda lo permita.<\/p>\n\n\n\n<p>El hombre, desafortunadamente, no sab\u00eda nadar y no llevaba chaleco salvavidas, reconocieron los mismos familiares.<\/p>\n\n\n\n<p>Foto: IRE Informaci\u00f3n Regional<\/p>\n","protected":false},"excerpt":{"rendered":"<p>Un hombre de 53 a\u00f1os de edad se encuentra perdido en el r\u00edo Coronda, tras no regresar a un parador que se encuentra entre las localidades de Barrancas y Monje luego del intenso temporal que afect\u00f3 la regi\u00f3n en la jornada del martes. El hombre fue identificado como Andr\u00e9s Fernando Bonagrazia, y sus familiares notificaron [&hellip;]<\/p>\n","protected":false},"author":9,"featured_media":2857,"comment_status":"closed","ping_status":"open","sticky":false,"template":"","format":"standard","meta":{"tdm_status":"","tdm_grid_status":"","footnotes":""},"categories":[13],"tags":[1034,1192,1193,71,1194],"class_list":{"0":"post-2856","1":"post","2":"type-post","3":"status-publish","4":"format-standard","5":"has-post-thumbnail","7":"category-region","8":"tag-barrancas","9":"tag-monje","10":"tag-pescador","11":"tag-prefectura-naval-argentina","12":"tag-rio-coronda"},"_links":{"self":[{"href":"https:\/\/www.noticiasmas.com.ar\/index.php\/wp-json\/wp\/v2\/posts\/2856","targetHints":{"allow":["GET"]}}],"collection":[{"href":"https:\/\/www.noticiasmas.com.ar\/index.php\/wp-json\/wp\/v2\/posts"}],"about":[{"href":"https:\/\/www.noticiasmas.com.ar\/index.php\/wp-json\/wp\/v2\/types\/post"}],"author":[{"embeddable":true,"href":"https:\/\/www.noticiasmas.com.ar\/index.php\/wp-json\/wp\/v2\/users\/9"}],"replies":[{"embeddable":true,"href":"https:\/\/www.noticiasmas.com.ar\/index.php\/wp-json\/wp\/v2\/comments?post=2856"}],"version-history":[{"count":1,"href":"https:\/\/www.noticiasmas.com.ar\/index.php\/wp-json\/wp\/v2\/posts\/2856\/revisions"}],"predecessor-version":[{"id":2858,"href":"https:\/\/www.noticiasmas.com.ar\/index.php\/wp-json\/wp\/v2\/posts\/2856\/revisions\/2858"}],"wp:featuredmedia":[{"embeddable":true,"href":"https:\/\/www.noticiasmas.com.ar\/index.php\/wp-json\/wp\/v2\/media\/2857"}],"wp:attachment":[{"href":"https:\/\/www.noticiasmas.com.ar\/index.php\/wp-json\/wp\/v2\/media?parent=2856"}],"wp:term":[{"taxonomy":"category","embeddable":true,"href":"https:\/\/www.noticiasmas.com.ar\/index.php\/wp-json\/wp\/v2\/categories?post=2856"},{"taxonomy":"post_tag","embeddable":true,"href":"https:\/\/www.noticiasmas.com.ar\/index.php\/wp-json\/wp\/v2\/tags?post=2856"}],"curies":[{"name":"wp","href":"https:\/\/api.w.org\/{rel}","templated":true}]}}