{"id":2873,"date":"2024-01-17T17:20:26","date_gmt":"2024-01-17T20:20:26","guid":{"rendered":"https:\/\/www.noticiasmas.com.ar\/?p=2873"},"modified":"2024-01-17T17:21:09","modified_gmt":"2024-01-17T20:21:09","slug":"es-un-delirio-absoluto-milei-sorprendio-al-circulo-de-dirigentes-globales-con-un-discurso-anacronico-y-sobreapocaliptico","status":"publish","type":"post","link":"https:\/\/www.noticiasmas.com.ar\/index.php\/2024\/01\/17\/es-un-delirio-absoluto-milei-sorprendio-al-circulo-de-dirigentes-globales-con-un-discurso-anacronico-y-sobreapocaliptico\/","title":{"rendered":"\u201cEs un delirio absoluto\u201d: Milei sorprendi\u00f3 al c\u00edrculo de dirigentes globales con un discurso anacr\u00f3nico y sobreapocal\u00edptico"},"content":{"rendered":"\n<p><\/p>\n\n\n\n<p><em>El an\u00e1lisis que el presidente hizo del mundo y los desaf\u00edos de la comunidad occidental para los a\u00f1os venideros sorprendi\u00f3 a los dirigentes internacionales que participaron de esta primera jornada del Foro de Davos.<\/em><\/p>\n\n\n\n<p>&nbsp;Las repercusiones tras el discurso del presidente de la Naci\u00f3n, Javier Milei, en la primera jornada del Foro Econ\u00f3mico Mundial de Davos, Suiza, fueron de extra\u00f1eza y sorpresa.<\/p>\n\n\n\n<p>\u201cCon \u00e9l no se salva nadie\u201d, \u201ces un delirio absoluto\u201d, \u201cMilei vive en un mundo que no es el nuestro\u201d, fueron algunos de los comentarios de quienes se encontraron en el recinto de Davos este mi\u00e9rcoles, seg\u00fan consign\u00f3 el medio La Naci\u00f3n.<\/p>\n\n\n\n<p>En un foro donde, para este 2024, se convoc\u00f3 a los dirigentes, presidentes, y algunos de los m\u00e1ximos responsables de los destinos de las naciones occidentales a dialogar sobre \u201ccreaci\u00f3n de trabajos y crecimiento\u201d, \u201cInteligencia Artificial como motor de la Econom\u00eda y la Sociedad\u201d, y \u201cEstrategias para el clima, la naturaleza y la energ\u00eda\u201d, Milei utiliz\u00f3 el discurso sobre ideologizado con el que alimenta a sus militantes puertas adentro de la Argentina.<\/p>\n\n\n\n<figure class=\"wp-block-embed is-type-video is-provider-youtube wp-block-embed-youtube wp-embed-aspect-16-9 wp-has-aspect-ratio\"><div class=\"wp-block-embed__wrapper\">\n<div class=\"youtube-embed\" data-video_id=\"9ncSFVkz_3k\"><iframe loading=\"lazy\" title=\"DIRECTO | El discurso de Javier Milei en el Foro Econ\u00f3mico Mundial en Davos | EL PA\u00cdS\" width=\"696\" height=\"392\" src=\"https:\/\/www.youtube.com\/embed\/9ncSFVkz_3k?feature=oembed&#038;enablejsapi=1\" frameborder=\"0\" allow=\"accelerometer; autoplay; clipboard-write; encrypted-media; gyroscope; picture-in-picture; web-share\" allowfullscreen><\/iframe><\/div>\n<\/div><\/figure>\n\n\n\n<p>En resumidas cuentas, Milei habl\u00f3 de comunismo, acus\u00f3 a los pa\u00edses miembros del foro de socialistas, se\u00f1al\u00f3 la desregulaci\u00f3n de monopolios para que estos hagan crecer la econom\u00eda, postul\u00f3 al \u201cEstado\u201d como \u201cun problema\u201d, critic\u00f3 la \u201cpelea antinatural entre hombre y mujer\u201d, dijo que el \u201cfeminismo devino en intervenci\u00f3n del Estado para entorpecer la econom\u00eda\u201d.<\/p>\n\n\n\n<p>Milei habl\u00f3 durante 23 minutos, recitando un discurso escrito de antemano, y cerr\u00f3 con un grito de \u201cviva la libertad carajo\u201d, que tuvo como respuesta unos tibios aplausos por parte de los asistentes.<\/p>\n","protected":false},"excerpt":{"rendered":"<p>El an\u00e1lisis que el presidente hizo del mundo y los desaf\u00edos de la comunidad occidental para los a\u00f1os venideros sorprendi\u00f3 a los dirigentes internacionales que participaron de esta primera jornada del Foro de Davos. &nbsp;Las repercusiones tras el discurso del presidente de la Naci\u00f3n, Javier Milei, en la primera jornada del Foro Econ\u00f3mico Mundial de [&hellip;]<\/p>\n","protected":false},"author":9,"featured_media":2874,"comment_status":"closed","ping_status":"open","sticky":false,"template":"","format":"standard","meta":{"tdm_status":"","tdm_grid_status":"","footnotes":""},"categories":[8],"tags":[1199,1201,1200,60],"class_list":{"0":"post-2873","1":"post","2":"type-post","3":"status-publish","4":"format-standard","5":"has-post-thumbnail","7":"category-politica","8":"tag-davos","9":"tag-discurso","10":"tag-foro-economico-mundial","11":"tag-javier-milei"},"_links":{"self":[{"href":"https:\/\/www.noticiasmas.com.ar\/index.php\/wp-json\/wp\/v2\/posts\/2873","targetHints":{"allow":["GET"]}}],"collection":[{"href":"https:\/\/www.noticiasmas.com.ar\/index.php\/wp-json\/wp\/v2\/posts"}],"about":[{"href":"https:\/\/www.noticiasmas.com.ar\/index.php\/wp-json\/wp\/v2\/types\/post"}],"author":[{"embeddable":true,"href":"https:\/\/www.noticiasmas.com.ar\/index.php\/wp-json\/wp\/v2\/users\/9"}],"replies":[{"embeddable":true,"href":"https:\/\/www.noticiasmas.com.ar\/index.php\/wp-json\/wp\/v2\/comments?post=2873"}],"version-history":[{"count":2,"href":"https:\/\/www.noticiasmas.com.ar\/index.php\/wp-json\/wp\/v2\/posts\/2873\/revisions"}],"predecessor-version":[{"id":2877,"href":"https:\/\/www.noticiasmas.com.ar\/index.php\/wp-json\/wp\/v2\/posts\/2873\/revisions\/2877"}],"wp:featuredmedia":[{"embeddable":true,"href":"https:\/\/www.noticiasmas.com.ar\/index.php\/wp-json\/wp\/v2\/media\/2874"}],"wp:attachment":[{"href":"https:\/\/www.noticiasmas.com.ar\/index.php\/wp-json\/wp\/v2\/media?parent=2873"}],"wp:term":[{"taxonomy":"category","embeddable":true,"href":"https:\/\/www.noticiasmas.com.ar\/index.php\/wp-json\/wp\/v2\/categories?post=2873"},{"taxonomy":"post_tag","embeddable":true,"href":"https:\/\/www.noticiasmas.com.ar\/index.php\/wp-json\/wp\/v2\/tags?post=2873"}],"curies":[{"name":"wp","href":"https:\/\/api.w.org\/{rel}","templated":true}]}}