{"id":2881,"date":"2024-01-17T18:11:54","date_gmt":"2024-01-17T21:11:54","guid":{"rendered":"https:\/\/www.noticiasmas.com.ar\/?p=2881"},"modified":"2024-01-17T18:11:55","modified_gmt":"2024-01-17T21:11:55","slug":"paro-general-como-funcionaran-los-colectivos-en-rosario-el-proximo-miercoles","status":"publish","type":"post","link":"https:\/\/www.noticiasmas.com.ar\/index.php\/2024\/01\/17\/paro-general-como-funcionaran-los-colectivos-en-rosario-el-proximo-miercoles\/","title":{"rendered":"Paro general: c\u00f3mo funcionar\u00e1n los colectivos en Rosario el pr\u00f3ximo mi\u00e9rcoles"},"content":{"rendered":"\n<p><\/p>\n\n\n\n<p><\/p>\n\n\n\n<p>La <strong>Uni\u00f3n Tranviarios Automotor (UTA)<\/strong> comunic\u00f3 que se adhiere al paro de la CGT que realizar\u00e1 el <strong>pr\u00f3ximo mi\u00e9rcoles 24 de enero.<\/strong> Referentes locales del gremio confirmaron a La Capital que <strong>no habr\u00e1 servicio de colectivos desde las 19 del mi\u00e9rcoles y hasta la hora cero del jueves.<\/strong><\/p>\n\n\n\n<p>&#8220;Los derechos de los trabajadores no se negocian&#8221;, expres\u00f3 la UTA en comunicado. La medida de la UTA aplica a Rosario, el AMBA y todas las provincias del pa\u00eds.<\/p>\n\n\n\n<p>La medida de fuerza, que busca la derogaci\u00f3n del DNU 70\/2023 y el rechazo a la ley \u00f3mnibus enviada al Congreso por el gobierno de Javier Milei, tiene entre sus adherentes a varias agrupaciones pol\u00edticas y sindicatos.<\/p>\n\n\n\n<p>En los d\u00edas posteriores al anuncio de la huelga, se sum\u00f3 a la misma la CATT (Confederaci\u00f3n Argentina de Trabajadores del Transporte), que nuclea a los gremios de Uni\u00f3n Ferroviaria, Taxis, Camioneros, Dragado y Balizamiento, Vialidad, peajes y aeron\u00e1uticos, por lo que afectar\u00e1 al servicio terrestre y a\u00e9reo en todo el pa\u00eds.<\/p>\n\n\n\n<p>Tambi\u00e9n ser\u00e1 parte de la protesta ATE (Asociaci\u00f3n de Trabajadores del Estado), que participar\u00e1 de la marcha el 24 de enero con una columna propia. \u201cSon las argentinas y argentinos de bien los que est\u00e1n quedando en la calle por decisi\u00f3n de este gobierno\u201d, apunt\u00f3 el Secretario General, Rodolfo Aguiar, en el comunicado de la entidad.<\/p>\n","protected":false},"excerpt":{"rendered":"<p>La Uni\u00f3n Tranviarios Automotor (UTA) comunic\u00f3 que se adhiere al paro de la CGT que realizar\u00e1 el pr\u00f3ximo mi\u00e9rcoles 24 de enero. Referentes locales del gremio confirmaron a La Capital que no habr\u00e1 servicio de colectivos desde las 19 del mi\u00e9rcoles y hasta la hora cero del jueves. &#8220;Los derechos de los trabajadores no se [&hellip;]<\/p>\n","protected":false},"author":9,"featured_media":369,"comment_status":"closed","ping_status":"open","sticky":false,"template":"","format":"standard","meta":{"tdm_status":"","tdm_grid_status":"","footnotes":""},"categories":[13],"tags":[182,686,1202,163,237],"class_list":{"0":"post-2881","1":"post","2":"type-post","3":"status-publish","4":"format-standard","5":"has-post-thumbnail","7":"category-region","8":"tag-colectivos","9":"tag-expreso","10":"tag-paro-general","11":"tag-rosario","12":"tag-uta"},"_links":{"self":[{"href":"https:\/\/www.noticiasmas.com.ar\/index.php\/wp-json\/wp\/v2\/posts\/2881","targetHints":{"allow":["GET"]}}],"collection":[{"href":"https:\/\/www.noticiasmas.com.ar\/index.php\/wp-json\/wp\/v2\/posts"}],"about":[{"href":"https:\/\/www.noticiasmas.com.ar\/index.php\/wp-json\/wp\/v2\/types\/post"}],"author":[{"embeddable":true,"href":"https:\/\/www.noticiasmas.com.ar\/index.php\/wp-json\/wp\/v2\/users\/9"}],"replies":[{"embeddable":true,"href":"https:\/\/www.noticiasmas.com.ar\/index.php\/wp-json\/wp\/v2\/comments?post=2881"}],"version-history":[{"count":1,"href":"https:\/\/www.noticiasmas.com.ar\/index.php\/wp-json\/wp\/v2\/posts\/2881\/revisions"}],"predecessor-version":[{"id":2882,"href":"https:\/\/www.noticiasmas.com.ar\/index.php\/wp-json\/wp\/v2\/posts\/2881\/revisions\/2882"}],"wp:featuredmedia":[{"embeddable":true,"href":"https:\/\/www.noticiasmas.com.ar\/index.php\/wp-json\/wp\/v2\/media\/369"}],"wp:attachment":[{"href":"https:\/\/www.noticiasmas.com.ar\/index.php\/wp-json\/wp\/v2\/media?parent=2881"}],"wp:term":[{"taxonomy":"category","embeddable":true,"href":"https:\/\/www.noticiasmas.com.ar\/index.php\/wp-json\/wp\/v2\/categories?post=2881"},{"taxonomy":"post_tag","embeddable":true,"href":"https:\/\/www.noticiasmas.com.ar\/index.php\/wp-json\/wp\/v2\/tags?post=2881"}],"curies":[{"name":"wp","href":"https:\/\/api.w.org\/{rel}","templated":true}]}}