{"id":2883,"date":"2024-01-17T18:48:55","date_gmt":"2024-01-17T21:48:55","guid":{"rendered":"https:\/\/www.noticiasmas.com.ar\/?p=2883"},"modified":"2024-01-17T18:48:56","modified_gmt":"2024-01-17T21:48:56","slug":"combate-de-san-lorenzo-la-municipalidad-anuncio-el-cronograma-de-eventos-para-el-3-de-febrero","status":"publish","type":"post","link":"https:\/\/www.noticiasmas.com.ar\/index.php\/2024\/01\/17\/combate-de-san-lorenzo-la-municipalidad-anuncio-el-cronograma-de-eventos-para-el-3-de-febrero\/","title":{"rendered":"Combate de San Lorenzo: La Municipalidad anunci\u00f3 el cronograma de eventos para el 3 de febrero"},"content":{"rendered":"\n<p><\/p>\n\n\n\n<p><\/p>\n\n\n\n<p>El pr\u00f3ximo s\u00e1bado 3 de febrero se conmemorar\u00e1 el 211\u00b0 aniversario del Combate de San Lorenzo. Este mi\u00e9rcoles, la Municipalidad anunci\u00f3 el cronograma oficial de eventos para el fin de semana del viernes 2 y el s\u00e1bado 3 del mes pr\u00f3ximo.<\/p>\n\n\n\n<p>Los eventos comenzar\u00e1n a las 19 del viernes. La Fanfarria Alto Per\u00fa realizar\u00e1 un desfile por el casco c\u00e9ntrico de la ciudad, partiendo desde la avenida San Mart\u00edn y su cruce con calle Moreno hasta llegar a el Paseo del Pino.<\/p>\n\n\n\n<p>A las 0 horas del s\u00e1bado, la misma banda interpretar\u00e1 el Himno Nacional y la Marcha de San Lorenzo en el p\u00f3rtico del Campo de la Gloria.<\/p>\n\n\n\n<p>Ya entrada la ma\u00f1ana del s\u00e1bado, a las 9 horas se realizar\u00e1 el izamiento de la bandera nacional por parte de las autoridades presentes. El mismo comenzar\u00e1 en la Plaza San Mart\u00edn, luego pasar\u00e1 por el Pino Hist\u00f3rico, y por \u00faltimo concluir\u00e1 en el Campo de la Gloria.<\/p>\n\n\n\n<p>El acto central se realizar\u00e1 a las 19 horas en el Campo de la Gloria, con los eventos que a\u00f1o a a\u00f1o se vienen realizando para conmemorar esta gesta patri\u00f3tica del General San Mart\u00edn con el Regimiento de Granaderos a Caballo.<\/p>\n","protected":false},"excerpt":{"rendered":"<p>El pr\u00f3ximo s\u00e1bado 3 de febrero se conmemorar\u00e1 el 211\u00b0 aniversario del Combate de San Lorenzo. Este mi\u00e9rcoles, la Municipalidad anunci\u00f3 el cronograma oficial de eventos para el fin de semana del viernes 2 y el s\u00e1bado 3 del mes pr\u00f3ximo. Los eventos comenzar\u00e1n a las 19 del viernes. La Fanfarria Alto Per\u00fa realizar\u00e1 un [&hellip;]<\/p>\n","protected":false},"author":9,"featured_media":2884,"comment_status":"closed","ping_status":"open","sticky":false,"template":"","format":"standard","meta":{"tdm_status":"","tdm_grid_status":"","footnotes":""},"categories":[4],"tags":[1205,1203,1204,1206],"class_list":{"0":"post-2883","1":"post","2":"type-post","3":"status-publish","4":"format-standard","5":"has-post-thumbnail","7":"category-culturayespectaculos","8":"tag-acto-central","9":"tag-combate-de-san-lorenzo","10":"tag-desfile","11":"tag-fanfarria-alto-peru"},"_links":{"self":[{"href":"https:\/\/www.noticiasmas.com.ar\/index.php\/wp-json\/wp\/v2\/posts\/2883","targetHints":{"allow":["GET"]}}],"collection":[{"href":"https:\/\/www.noticiasmas.com.ar\/index.php\/wp-json\/wp\/v2\/posts"}],"about":[{"href":"https:\/\/www.noticiasmas.com.ar\/index.php\/wp-json\/wp\/v2\/types\/post"}],"author":[{"embeddable":true,"href":"https:\/\/www.noticiasmas.com.ar\/index.php\/wp-json\/wp\/v2\/users\/9"}],"replies":[{"embeddable":true,"href":"https:\/\/www.noticiasmas.com.ar\/index.php\/wp-json\/wp\/v2\/comments?post=2883"}],"version-history":[{"count":1,"href":"https:\/\/www.noticiasmas.com.ar\/index.php\/wp-json\/wp\/v2\/posts\/2883\/revisions"}],"predecessor-version":[{"id":2885,"href":"https:\/\/www.noticiasmas.com.ar\/index.php\/wp-json\/wp\/v2\/posts\/2883\/revisions\/2885"}],"wp:featuredmedia":[{"embeddable":true,"href":"https:\/\/www.noticiasmas.com.ar\/index.php\/wp-json\/wp\/v2\/media\/2884"}],"wp:attachment":[{"href":"https:\/\/www.noticiasmas.com.ar\/index.php\/wp-json\/wp\/v2\/media?parent=2883"}],"wp:term":[{"taxonomy":"category","embeddable":true,"href":"https:\/\/www.noticiasmas.com.ar\/index.php\/wp-json\/wp\/v2\/categories?post=2883"},{"taxonomy":"post_tag","embeddable":true,"href":"https:\/\/www.noticiasmas.com.ar\/index.php\/wp-json\/wp\/v2\/tags?post=2883"}],"curies":[{"name":"wp","href":"https:\/\/api.w.org\/{rel}","templated":true}]}}