{"id":2886,"date":"2024-01-17T18:59:12","date_gmt":"2024-01-17T21:59:12","guid":{"rendered":"https:\/\/www.noticiasmas.com.ar\/?p=2886"},"modified":"2024-01-17T18:59:13","modified_gmt":"2024-01-17T21:59:13","slug":"general-motors-posterga-reinicio-de-produccion-por-no-poder-pagar-las-importaciones","status":"publish","type":"post","link":"https:\/\/www.noticiasmas.com.ar\/index.php\/2024\/01\/17\/general-motors-posterga-reinicio-de-produccion-por-no-poder-pagar-las-importaciones\/","title":{"rendered":"General Motors posterga reinicio de producci\u00f3n por no poder pagar las importaciones"},"content":{"rendered":"\n<p>El abastecimiento de piezas e insumos importados pone en jaque a las industrias. Uno de los sectores m\u00e1s afectados es el automotor, que el a\u00f1o pasado sufri\u00f3 interrupciones constantes de producci\u00f3n. Lejos de revertirse, la situaci\u00f3n en General Motors sigue igual. Seg\u00fan se inform\u00f3, postergar\u00e1 el reinicio de la actividad debido a las dificultades de pagos a proveedores del exterior.<\/p>\n\n\n\n<p>La automotriz radicada en territorio santafesino ten\u00eda previsto retomar la actividad a partir del lunes 29 de este mes. Hab\u00eda entrado en vacaciones a fin de a\u00f1o. Sin embargo, la vuelta a la producci\u00f3n ser\u00e1 retrasada por este motivo y a\u00fan no hay una nueva fecha de regreso.<\/p>\n\n\n\n<p>Si el plazo fuese por una semana, la soluci\u00f3n laboral se canalizar\u00eda por el adelanto del per\u00edodo de vacaciones de invierno y se acordar\u00eda con los trabajadores. En cambio, por un tiempo mayor, se tendr\u00eda que entrar en un esquema de suspensiones. El diario \u00c1mbito confi\u00f3 que la empresa est\u00e1 negociando con el gremio de SMATA, pero que por el momento no hay acuerdo.<\/p>\n\n\n\n<p>En la planta de General Motors se produce, desde ahora, un \u00fanico modelo: el SUV Tracker. Hasta fin de a\u00f1o se fabricaba tambi\u00e9n el Cruze, pero se discontinu\u00f3 por el fin de vida del modelo.<\/p>\n\n\n\n<p>El secretario general de la delegaci\u00f3n Rosario del Sindicato de Mec\u00e1nicos y Afines del Transporte Automotor (Smata), Marcelo Barros, advirti\u00f3 la situaci\u00f3n hace algunas semanas. &#8220;El problema es el futuro. La gente por ahora est\u00e1 conforme porque cobra el sueldo, pero no sabemos qu\u00e9 suceder\u00e1 a partir del lunes. El tema est\u00e1 complicado. Hay empresas que trabajan adentro de General Motor y hubo casos en que no se renovaron contratos. Son bajas de personal que si se suman son bastante&#8221;, hab\u00eda se\u00f1alado en su momento el dirigente<\/p>\n","protected":false},"excerpt":{"rendered":"<p>El abastecimiento de piezas e insumos importados pone en jaque a las industrias. Uno de los sectores m\u00e1s afectados es el automotor, que el a\u00f1o pasado sufri\u00f3 interrupciones constantes de producci\u00f3n. Lejos de revertirse, la situaci\u00f3n en General Motors sigue igual. Seg\u00fan se inform\u00f3, postergar\u00e1 el reinicio de la actividad debido a las dificultades de [&hellip;]<\/p>\n","protected":false},"author":8,"featured_media":2887,"comment_status":"closed","ping_status":"open","sticky":false,"template":"","format":"standard","meta":{"tdm_status":"","tdm_grid_status":"","footnotes":""},"categories":[2],"tags":[1209,463,1207,623,1208],"class_list":{"0":"post-2886","1":"post","2":"type-post","3":"status-publish","4":"format-standard","5":"has-post-thumbnail","7":"category-economia","8":"tag-produccion-2","9":"tag-deuda","10":"tag-general-motors","11":"tag-insumos","12":"tag-postergacion"},"_links":{"self":[{"href":"https:\/\/www.noticiasmas.com.ar\/index.php\/wp-json\/wp\/v2\/posts\/2886","targetHints":{"allow":["GET"]}}],"collection":[{"href":"https:\/\/www.noticiasmas.com.ar\/index.php\/wp-json\/wp\/v2\/posts"}],"about":[{"href":"https:\/\/www.noticiasmas.com.ar\/index.php\/wp-json\/wp\/v2\/types\/post"}],"author":[{"embeddable":true,"href":"https:\/\/www.noticiasmas.com.ar\/index.php\/wp-json\/wp\/v2\/users\/8"}],"replies":[{"embeddable":true,"href":"https:\/\/www.noticiasmas.com.ar\/index.php\/wp-json\/wp\/v2\/comments?post=2886"}],"version-history":[{"count":1,"href":"https:\/\/www.noticiasmas.com.ar\/index.php\/wp-json\/wp\/v2\/posts\/2886\/revisions"}],"predecessor-version":[{"id":2888,"href":"https:\/\/www.noticiasmas.com.ar\/index.php\/wp-json\/wp\/v2\/posts\/2886\/revisions\/2888"}],"wp:featuredmedia":[{"embeddable":true,"href":"https:\/\/www.noticiasmas.com.ar\/index.php\/wp-json\/wp\/v2\/media\/2887"}],"wp:attachment":[{"href":"https:\/\/www.noticiasmas.com.ar\/index.php\/wp-json\/wp\/v2\/media?parent=2886"}],"wp:term":[{"taxonomy":"category","embeddable":true,"href":"https:\/\/www.noticiasmas.com.ar\/index.php\/wp-json\/wp\/v2\/categories?post=2886"},{"taxonomy":"post_tag","embeddable":true,"href":"https:\/\/www.noticiasmas.com.ar\/index.php\/wp-json\/wp\/v2\/tags?post=2886"}],"curies":[{"name":"wp","href":"https:\/\/api.w.org\/{rel}","templated":true}]}}