{"id":3042,"date":"2024-01-21T12:42:35","date_gmt":"2024-01-21T15:42:35","guid":{"rendered":"https:\/\/www.noticiasmas.com.ar\/?p=3042"},"modified":"2024-01-21T12:42:36","modified_gmt":"2024-01-21T15:42:36","slug":"cosecha-gruesa-provincia-ya-coordina-acciones-para-la-llegada-de-mas-de-2-millones-de-camiones-a-los-puertos","status":"publish","type":"post","link":"https:\/\/www.noticiasmas.com.ar\/index.php\/2024\/01\/21\/cosecha-gruesa-provincia-ya-coordina-acciones-para-la-llegada-de-mas-de-2-millones-de-camiones-a-los-puertos\/","title":{"rendered":"Cosecha gruesa: Provincia ya coordina acciones para la llegada de m\u00e1s de 2 millones de camiones a los puertos"},"content":{"rendered":"\n<p>El gobernador Maximiliano Pullaro encabez\u00f3 esta semana una reuni\u00f3n de coordinaci\u00f3n para lo que ser\u00e1 una masiva llegada de camiones a los puertos santafesinos, en el sur provincial, producto de la cosecha gruesa.<\/p>\n\n\n\n<p>\u201cNuestra prioridad es que este flujo&nbsp;<strong>suceda de la manera m\u00e1s segura y ordenada,&nbsp;<\/strong>porque en gran medida de esto depende el&nbsp;<strong>ingreso de las divisas que el pa\u00eds necesita\u201d<\/strong>, afirm\u00f3 el gobernador. \u201cComo ya lo he dicho en varias oportunidades:&nbsp;<strong>4 de cada 10 d\u00f3lares que ingresan al pa\u00eds salen de los puertos de Santa Fe<\/strong>. Nuestra provincia est\u00e1 haciendo todo para ser el motor del crecimiento que Argentina necesita, y este tipo de coordinaci\u00f3n hace a las tareas concretas para alcanzar las metas\u201d, marc\u00f3 el mandatario. De la reuni\u00f3n participaron los ministros de Desarrollo Productivo; Gustavo Puccini y de Obras P\u00fablicas, Lisandro Enrico, junto a funcionarios de Justicia y Seguridad y de Gobierno.<\/p>\n\n\n\n<p>El secretario de Cooperaci\u00f3n del Gobierno de Santa Fe, Cristian Cunha, coordinar\u00e1 las tareas de cada \u00e1rea involucrada por parte de Provincia en lo que ser\u00e1 el<strong>&nbsp;programa Cosecha Segura, que apunta a garantizar la labor de cada actor involucrado en esta actividad. &#8220;<\/strong>Los ministerios Gobierno, Seguridad, Desarrollo Productivo y Obras P\u00fablicas, trabajar\u00e1n de manera sincronizada en lo log\u00edstico y todo lo que incumbe a este proceso, porque entendemos que la magnitud de esta cosecha debe abordarse desde diferentes \u00e1reas del Estado y as\u00ed lo ha planteado el gobernador\u201d, afirm\u00f3 Cunha.&nbsp;<\/p>\n\n\n\n<p>El tema estuvo en agenda tambi\u00e9n en la reuni\u00f3n que Maximiliano Pullaro mantuvo el viernes con la ministra de Seguridad de la Naci\u00f3n, Patricia Bullrich, ya que las fuerzas provinciales y federales trabajar\u00e1n de manera coordinada.<\/p>\n\n\n\n<p>Uno de los objetivos fundamentales, pero no el \u00fanico, ser\u00e1<strong>\u00a0\u201cminimizar o disminuir los grandes congestionamientos y reducir los inconvenientes que esta situaci\u00f3n ocasiona en los vecinos\u201d<\/strong>. De esa manera, \u201cbrindaremos seguridad a los trabajadores del sector, a los dem\u00e1s conductores y mejoraremos la calidad de vida de los residentes de la zona\u201d, agreg\u00f3 Cunha.<\/p>\n\n\n\n<p><strong>Aluvi\u00f3n de camiones<\/strong><\/p>\n\n\n\n<p>El funcionario se\u00f1al\u00f3 que \u201cestamos prepar\u00e1ndonos para la <strong>llegada de m\u00e1s de 2 millones de camiones no s\u00f3lo de la provincia, sino de todo el pa\u00eds, <\/strong>que llegar\u00e1n a los puertos del cord\u00f3n industrial\u201d. \u201cEstamos hablando de un <strong>movimiento r\u00e9cord del complejo agroexportador,<\/strong> que ser\u00e1 hist\u00f3rico y que generar\u00e1 los d\u00f3lares que el pa\u00eds necesita m\u00e1s que nunca\u201d, indic\u00f3 el secretario de Cooperaci\u00f3n.<\/p>\n\n\n\n<p>Las estimaciones marcan que el agro<strong>&nbsp;generar\u00e1 este a\u00f1o ingresos de exportaci\u00f3n por 36.000 millones de d\u00f3lares.<\/strong>&nbsp;En 2023, todo el sector agroindustrial argentino sum\u00f3 19.700 millones de d\u00f3lares en exportaciones, la cifra m\u00e1s baja desde 2009, cuando se lleg\u00f3 al piso de 16.000 millones de d\u00f3lares. Los n\u00fameros rojos producto de distintos factores, principalmente la sequ\u00eda, impactaron fuertemente en las arcas del Banco Central y en toda la econom\u00eda del pa\u00eds.&nbsp;<\/p>\n\n\n\n<p>Se calcula que la recuperaci\u00f3n de la producci\u00f3n&nbsp;<strong>rondar\u00eda el 70 % respecto al a\u00f1o pasado,<\/strong>&nbsp;por lo que el volumen producido llegar\u00eda a los&nbsp;<strong>niveles pre sequ\u00eda, es decir, alrededor de 134 millones de toneladas.&nbsp;<\/strong><br>\u201cPara que se tenga una idea: ya tenemos registros que a mediados de enero se hab\u00eda igualado el traslado de ma\u00edz de todo el mismo mes del a\u00f1o pasado. Por eso hay que acompa\u00f1ar este enorme movimiento de nuestra producci\u00f3n\u201d, indic\u00f3 Cunha.&nbsp;<\/p>\n\n\n\n<p>De la tarea para asegurar el flujo diario de camiones hacia los puertos santafesinos, tambi\u00e9n participa el sector privado.&nbsp;<\/p>\n\n\n\n<p>\u201cHay puntos que son determinantes, como por ejemplo la asignaci\u00f3n de cupos a los camiones para la descarga de los granos. Ese trabajo, que viene desde los privados, tiene que ser preciso, porque adem\u00e1s est\u00e1 vinculado a la capacidad de molienda que hay en los puertos. Por eso es tan necesario el di\u00e1logo permanente y el trabajo en equipo para que el proceso transcurra del mejor modo posible\u201d, subray\u00f3 Cunha.&nbsp;<\/p>\n\n\n\n<p>Vale se\u00f1alar que la gran demanda de agrograneles que tienen las terminales portuarias, genera la afluencia masiva de camiones de todos los puntos del pa\u00eds, provocando una masiva concentraci\u00f3n del tr\u00e1nsito de los camiones en las&nbsp;<strong>rutas 33, 34, 9,11, A012, AUP Rosario \u2013 C\u00f3rdoba y Rosario \u2013 Buenos Aires (Nacionales), las Rutas 10, 14, 16, 18, 21, 91 y AUP 01 (Rosario Santa Fe).<\/strong><\/p>\n","protected":false},"excerpt":{"rendered":"<p>El gobernador Maximiliano Pullaro encabez\u00f3 esta semana una reuni\u00f3n de coordinaci\u00f3n para lo que ser\u00e1 una masiva llegada de camiones a los puertos santafesinos, en el sur provincial, producto de la cosecha gruesa. \u201cNuestra prioridad es que este flujo&nbsp;suceda de la manera m\u00e1s segura y ordenada,&nbsp;porque en gran medida de esto depende el&nbsp;ingreso de las [&hellip;]<\/p>\n","protected":false},"author":3,"featured_media":3044,"comment_status":"closed","ping_status":"open","sticky":false,"template":"","format":"standard","meta":{"tdm_status":"","tdm_grid_status":"","footnotes":""},"categories":[14],"tags":[1032,1030,1031,666],"class_list":{"0":"post-3042","1":"post","2":"type-post","3":"status-publish","4":"format-standard","5":"has-post-thumbnail","7":"category-provinciales","8":"tag-camiones","9":"tag-cosecha-gruesa","10":"tag-puertos","11":"tag-rutas"},"_links":{"self":[{"href":"https:\/\/www.noticiasmas.com.ar\/index.php\/wp-json\/wp\/v2\/posts\/3042","targetHints":{"allow":["GET"]}}],"collection":[{"href":"https:\/\/www.noticiasmas.com.ar\/index.php\/wp-json\/wp\/v2\/posts"}],"about":[{"href":"https:\/\/www.noticiasmas.com.ar\/index.php\/wp-json\/wp\/v2\/types\/post"}],"author":[{"embeddable":true,"href":"https:\/\/www.noticiasmas.com.ar\/index.php\/wp-json\/wp\/v2\/users\/3"}],"replies":[{"embeddable":true,"href":"https:\/\/www.noticiasmas.com.ar\/index.php\/wp-json\/wp\/v2\/comments?post=3042"}],"version-history":[{"count":2,"href":"https:\/\/www.noticiasmas.com.ar\/index.php\/wp-json\/wp\/v2\/posts\/3042\/revisions"}],"predecessor-version":[{"id":3045,"href":"https:\/\/www.noticiasmas.com.ar\/index.php\/wp-json\/wp\/v2\/posts\/3042\/revisions\/3045"}],"wp:featuredmedia":[{"embeddable":true,"href":"https:\/\/www.noticiasmas.com.ar\/index.php\/wp-json\/wp\/v2\/media\/3044"}],"wp:attachment":[{"href":"https:\/\/www.noticiasmas.com.ar\/index.php\/wp-json\/wp\/v2\/media?parent=3042"}],"wp:term":[{"taxonomy":"category","embeddable":true,"href":"https:\/\/www.noticiasmas.com.ar\/index.php\/wp-json\/wp\/v2\/categories?post=3042"},{"taxonomy":"post_tag","embeddable":true,"href":"https:\/\/www.noticiasmas.com.ar\/index.php\/wp-json\/wp\/v2\/tags?post=3042"}],"curies":[{"name":"wp","href":"https:\/\/api.w.org\/{rel}","templated":true}]}}