{"id":3068,"date":"2024-01-22T15:11:29","date_gmt":"2024-01-22T18:11:29","guid":{"rendered":"https:\/\/www.noticiasmas.com.ar\/?p=3068"},"modified":"2024-01-22T15:11:30","modified_gmt":"2024-01-22T18:11:30","slug":"vuelve-el-boleto-educativo-a-santa-fe-sin-la-palabra-gratuito-pero-con-la-misma-modalidad","status":"publish","type":"post","link":"https:\/\/www.noticiasmas.com.ar\/index.php\/2024\/01\/22\/vuelve-el-boleto-educativo-a-santa-fe-sin-la-palabra-gratuito-pero-con-la-misma-modalidad\/","title":{"rendered":"Vuelve el Boleto Educativo a Santa Fe: sin la palabra \u201cgratuito\u201d pero con la misma modalidad"},"content":{"rendered":"\n<p><\/p>\n\n\n\n<p><\/p>\n\n\n\n<p>En el pr\u00f3ximo mes de febrero volver\u00e1 a funcionar el Boleto Educativo en la provincia de Santa Fe. As\u00ed lo anuncio oficialmente el Gobierno Provincial, dejando atr\u00e1s la expectativa tras el fin del programa durante el a\u00f1o 2023 y la incierta comunicaci\u00f3n con respecto a la continuidad del programa.<\/p>\n\n\n\n<p>Las inscripciones pueden realizarse a trav\u00e9s de la web <a href=\"https:\/\/www.santafe.gov.ar\/boletoeducativo\">https:\/\/www.santafe.gov.ar\/boletoeducativo<\/a>, aunque pr\u00f3ximamente abrir\u00e1n dependencias f\u00edsicas en donde se podr\u00e1 realizar la inscripci\u00f3n.<\/p>\n\n\n\n<p>El beneficio corre para todos los alumnos y las alumnas de los tres niveles de la educaci\u00f3n santafesina, mientras que rige a su vez para el personal docente y no docente.<\/p>\n\n\n\n<p>El descuento de los dos pasajes gratuitos diarios comenzar\u00e1 a aplicarse en las unidades a partir del mes de febrero, cancel\u00e1ndose sin m\u00e1s al momento de marcar a trav\u00e9s de la tarjeta SUBE.<\/p>\n\n\n\n<p>Cabe destacar que, a la par, todos los beneficiarios continuar\u00e1n pudiendo utilizar el medio boleto.<\/p>\n\n\n\n<p>Como curiosidad, este a\u00f1o, a diferencia de las oportunidades anteriores, se ha eliminado la palabra \u201cgratuito\u201d de la denominaci\u00f3n del beneficio. Esto responde a una normativa del nuevo Gobierno Provincial en sinton\u00eda con lo dispuesto por la Presidencia de la Naci\u00f3n de eliminar este tipo de aclaraci\u00f3n a las prestaciones del Estado Nacional.<\/p>\n\n\n\n<h3 class=\"wp-block-heading\">Preguntas frecuentes<\/h3>\n\n\n\n<p><em><strong>\u00bfQui\u00e9nes son beneficiarios y beneficiarias del Boleto Educativo?<\/strong><\/em><\/p>\n\n\n\n<p>&#8211; Alumnos\/as regulares de los niveles inicial, primario, secundario, terciario, y universitario.<\/p>\n\n\n\n<p>&#8211; Docentes y Asistentes escolares de establecimientos educativos de la provincia de Santa Fe<\/p>\n\n\n\n<p><em><strong>\u00bfCu\u00e1les son los requisitos para acceder al beneficio?<\/strong><\/em><\/p>\n\n\n\n<p>&#8211; Ser alumnos\/as regulares de los establecimientos educativos declarados.<\/p>\n\n\n\n<p>&#8211; En el caso de estudiantes universitarios\/as se debe tener al menos una materia aprobada en el a\u00f1o anterior, excepto los\/las ingresantes, que no tienen restricciones.<\/p>\n\n\n\n<p>&#8211; En caso de docentes y asistentes escolares, prestar efectivamente servicios en los establecimientos declarados.<\/p>\n\n\n\n<p><em><strong>Si realic\u00e9 el tr\u00e1mite de inscripci\u00f3n en el a\u00f1o 2023 \u00bfdebo inscribirme nuevamente?<\/strong><\/em><\/p>\n\n\n\n<p>&#8211; S\u00ed, todos los usuarios deber\u00e1n realizar el tr\u00e1mite de inscripci\u00f3n para poder hacer uso del beneficio en el ciclo 2024. Podr\u00e1n hacerlo ingresando con su CUIL y CONTRASE\u00d1A a&nbsp;<a href=\"https:\/\/www.santafe.gob.ar\/boletoeducativo\">www.santafe.gob.ar\/boletoeducativo<\/a>&nbsp;o bien, a la app \u201cBoleto Educativo\u201d.<\/p>\n\n\n\n<p><em><strong>Para usuarios\/as que concurren a Centros de Educaci\u00f3n F\u00edsica, Talleres de Educaci\u00f3n Manual, Bibliotecas Pedag\u00f3gicas y Cocinas Centralizadas \u00bfC\u00f3mo gestiono el beneficio?<\/strong><\/em><\/p>\n\n\n\n<p>&#8211; Al momento de cargar los datos en el formulario de inscripci\u00f3n web, para poder visualizar los establecimientos anteriormente mencionados, en la opci\u00f3n \u201cEstablecimiento al que asiste\u201d deber\u00e1 seleccionar: \u201cOrganismos Auxiliares \/ Otros\u201d.<\/p>\n","protected":false},"excerpt":{"rendered":"<p>En el pr\u00f3ximo mes de febrero volver\u00e1 a funcionar el Boleto Educativo en la provincia de Santa Fe. As\u00ed lo anuncio oficialmente el Gobierno Provincial, dejando atr\u00e1s la expectativa tras el fin del programa durante el a\u00f1o 2023 y la incierta comunicaci\u00f3n con respecto a la continuidad del programa. Las inscripciones pueden realizarse a trav\u00e9s [&hellip;]<\/p>\n","protected":false},"author":9,"featured_media":3069,"comment_status":"closed","ping_status":"open","sticky":false,"template":"","format":"standard","meta":{"tdm_status":"","tdm_grid_status":"","footnotes":""},"categories":[14],"tags":[654,1281,722,149,18],"class_list":{"0":"post-3068","1":"post","2":"type-post","3":"status-publish","4":"format-standard","5":"has-post-thumbnail","7":"category-provinciales","8":"tag-beneficios","9":"tag-boleto-educativo","10":"tag-boleto-educativo-gratuito","11":"tag-educacion","12":"tag-santa-fe"},"_links":{"self":[{"href":"https:\/\/www.noticiasmas.com.ar\/index.php\/wp-json\/wp\/v2\/posts\/3068","targetHints":{"allow":["GET"]}}],"collection":[{"href":"https:\/\/www.noticiasmas.com.ar\/index.php\/wp-json\/wp\/v2\/posts"}],"about":[{"href":"https:\/\/www.noticiasmas.com.ar\/index.php\/wp-json\/wp\/v2\/types\/post"}],"author":[{"embeddable":true,"href":"https:\/\/www.noticiasmas.com.ar\/index.php\/wp-json\/wp\/v2\/users\/9"}],"replies":[{"embeddable":true,"href":"https:\/\/www.noticiasmas.com.ar\/index.php\/wp-json\/wp\/v2\/comments?post=3068"}],"version-history":[{"count":1,"href":"https:\/\/www.noticiasmas.com.ar\/index.php\/wp-json\/wp\/v2\/posts\/3068\/revisions"}],"predecessor-version":[{"id":3070,"href":"https:\/\/www.noticiasmas.com.ar\/index.php\/wp-json\/wp\/v2\/posts\/3068\/revisions\/3070"}],"wp:featuredmedia":[{"embeddable":true,"href":"https:\/\/www.noticiasmas.com.ar\/index.php\/wp-json\/wp\/v2\/media\/3069"}],"wp:attachment":[{"href":"https:\/\/www.noticiasmas.com.ar\/index.php\/wp-json\/wp\/v2\/media?parent=3068"}],"wp:term":[{"taxonomy":"category","embeddable":true,"href":"https:\/\/www.noticiasmas.com.ar\/index.php\/wp-json\/wp\/v2\/categories?post=3068"},{"taxonomy":"post_tag","embeddable":true,"href":"https:\/\/www.noticiasmas.com.ar\/index.php\/wp-json\/wp\/v2\/tags?post=3068"}],"curies":[{"name":"wp","href":"https:\/\/api.w.org\/{rel}","templated":true}]}}