{"id":3080,"date":"2024-01-22T16:20:58","date_gmt":"2024-01-22T19:20:58","guid":{"rendered":"https:\/\/www.noticiasmas.com.ar\/?p=3080"},"modified":"2024-01-22T16:20:59","modified_gmt":"2024-01-22T19:20:59","slug":"la-clase-trabajadora-es-la-columna-vertebral-de-nuestro-movimiento-y-es-la-mas-afectada-por-las-medidas-economicas","status":"publish","type":"post","link":"https:\/\/www.noticiasmas.com.ar\/index.php\/2024\/01\/22\/la-clase-trabajadora-es-la-columna-vertebral-de-nuestro-movimiento-y-es-la-mas-afectada-por-las-medidas-economicas\/","title":{"rendered":"\u201cLa clase trabajadora es la columna vertebral de nuestro movimiento y es la m\u00e1s afectada por las medidas econ\u00f3micas\u201d"},"content":{"rendered":"\n<p><\/p>\n\n\n\n<p><\/p>\n\n\n\n<p>El<strong> Partido Justicialista de la ciudad de San Lorenzo<\/strong> emiti\u00f3 un comunicado confirmando su adhesi\u00f3n al <strong>Paro General<\/strong> convocado por la Confederaci\u00f3n General del Trabajo (CGT) a nivel nacional del pr\u00f3ximo <strong>mi\u00e9rcoles 24 de enero.<\/strong><\/p>\n\n\n\n<p>En <strong>San Lorenzo<\/strong>, un importante n\u00famero de partidos pol\u00edticos, sindicatos, y otras asociaciones civiles confirmaron su adhesi\u00f3n y participaci\u00f3n a la movilizaci\u00f3n en la ciudad, que tendr\u00e1 epicentro en horas del mediod\u00eda en la <strong>esquina de los bancos de bulevar Urquiza y avenida San Mart\u00edn.<\/strong><\/p>\n\n\n\n<p>\u201cEl 24 de enero nos sumamos al paro y movilizaci\u00f3n que se realizar\u00e1 en nuestra localidad. La clase trabajadora es la columna vertebral de nuestro movimiento y es la m\u00e1s afectada por las medidas econ\u00f3micas que est\u00e1 adoptando el actual presidente de la naci\u00f3n, Javier Milei. Es hist\u00f3rica la transferencia de recursos que se est\u00e1 realizando a los sectores m\u00e1s poderosos y concentrados de la econom\u00eda. Est\u00e1n saqueando nuestra patria y al conjunto de trabajadores y trabajadoras\u201d, se\u00f1alaron en un comunicado firmado por Gonzalo del Pino, secretario general de la departamental local.<\/p>\n\n\n\n<p>\u201cLos derechos adquiridos, son conquistas de luchas colectivas y organizadas, no son privilegios que solo alcanzan a un grupo min\u00fasculo de personas como pretenden los sectores de \u00e9lite. Por todo lo expuesto, convocamos a las y los peronistas a lo largo y ancho de San Lorenzo para que el 24 de enero a partir de las 12 paremos y movilicemos. Porque tenemos el deber de defender la patria, los derechos conquistados y a nuestros compatriotas\u201d, agregaron.<\/p>\n","protected":false},"excerpt":{"rendered":"<p>El Partido Justicialista de la ciudad de San Lorenzo emiti\u00f3 un comunicado confirmando su adhesi\u00f3n al Paro General convocado por la Confederaci\u00f3n General del Trabajo (CGT) a nivel nacional del pr\u00f3ximo mi\u00e9rcoles 24 de enero. En San Lorenzo, un importante n\u00famero de partidos pol\u00edticos, sindicatos, y otras asociaciones civiles confirmaron su adhesi\u00f3n y participaci\u00f3n a [&hellip;]<\/p>\n","protected":false},"author":9,"featured_media":3083,"comment_status":"closed","ping_status":"open","sticky":false,"template":"","format":"standard","meta":{"tdm_status":"","tdm_grid_status":"","footnotes":""},"categories":[13],"tags":[780,691,1202,1287,58],"class_list":{"0":"post-3080","1":"post","2":"type-post","3":"status-publish","4":"format-standard","5":"has-post-thumbnail","7":"category-region","8":"tag-24-de-enero","9":"tag-paro","10":"tag-paro-general","11":"tag-partido-justicialista","12":"tag-san-lorenzo"},"_links":{"self":[{"href":"https:\/\/www.noticiasmas.com.ar\/index.php\/wp-json\/wp\/v2\/posts\/3080","targetHints":{"allow":["GET"]}}],"collection":[{"href":"https:\/\/www.noticiasmas.com.ar\/index.php\/wp-json\/wp\/v2\/posts"}],"about":[{"href":"https:\/\/www.noticiasmas.com.ar\/index.php\/wp-json\/wp\/v2\/types\/post"}],"author":[{"embeddable":true,"href":"https:\/\/www.noticiasmas.com.ar\/index.php\/wp-json\/wp\/v2\/users\/9"}],"replies":[{"embeddable":true,"href":"https:\/\/www.noticiasmas.com.ar\/index.php\/wp-json\/wp\/v2\/comments?post=3080"}],"version-history":[{"count":1,"href":"https:\/\/www.noticiasmas.com.ar\/index.php\/wp-json\/wp\/v2\/posts\/3080\/revisions"}],"predecessor-version":[{"id":3084,"href":"https:\/\/www.noticiasmas.com.ar\/index.php\/wp-json\/wp\/v2\/posts\/3080\/revisions\/3084"}],"wp:featuredmedia":[{"embeddable":true,"href":"https:\/\/www.noticiasmas.com.ar\/index.php\/wp-json\/wp\/v2\/media\/3083"}],"wp:attachment":[{"href":"https:\/\/www.noticiasmas.com.ar\/index.php\/wp-json\/wp\/v2\/media?parent=3080"}],"wp:term":[{"taxonomy":"category","embeddable":true,"href":"https:\/\/www.noticiasmas.com.ar\/index.php\/wp-json\/wp\/v2\/categories?post=3080"},{"taxonomy":"post_tag","embeddable":true,"href":"https:\/\/www.noticiasmas.com.ar\/index.php\/wp-json\/wp\/v2\/tags?post=3080"}],"curies":[{"name":"wp","href":"https:\/\/api.w.org\/{rel}","templated":true}]}}