{"id":3102,"date":"2024-01-23T08:50:11","date_gmt":"2024-01-23T11:50:11","guid":{"rendered":"https:\/\/www.noticiasmas.com.ar\/?p=3102"},"modified":"2024-01-23T08:50:12","modified_gmt":"2024-01-23T11:50:12","slug":"jornada-calurosa-y-un-cielo-a-pleno-sol","status":"publish","type":"post","link":"https:\/\/www.noticiasmas.com.ar\/index.php\/2024\/01\/23\/jornada-calurosa-y-un-cielo-a-pleno-sol\/","title":{"rendered":"Jornada calurosa y un cielo a pleno sol"},"content":{"rendered":"\n<p>El martes se presenta agradable y anuncia para hoy una m\u00e1xima que llegar\u00e1 a los 29 grados. El SMN pronostica que la semana se mantendr\u00e1 con similares condiciones clim\u00e1ticas a las de hoy. <\/p>\n\n\n\n<p>Con una brisa del sector este a 13km\/h se dio inicio a una nueva jornada. El Servicio Meteorol\u00f3gico Nacional pronostica para este martes una temperatura que oscilar\u00e1 entre los 19 grados y los 29 de m\u00e1xima, acompa\u00f1ados por humedad del 88 por ciento. <\/p>\n\n\n\n<p>Sin la presencia de nubes este martes promete ser muy caluroso, Para ma\u00f1ana mi\u00e9rcoles se podr\u00e1n observar algunas nubes, sin embargo no hay anuncio de lluvias para los d\u00edas venideros. <\/p>\n","protected":false},"excerpt":{"rendered":"<p>El martes se presenta agradable y anuncia para hoy una m\u00e1xima que llegar\u00e1 a los 29 grados. El SMN pronostica que la semana se mantendr\u00e1 con similares condiciones clim\u00e1ticas a las de hoy. Con una brisa del sector este a 13km\/h se dio inicio a una nueva jornada. El Servicio Meteorol\u00f3gico Nacional pronostica para este [&hellip;]<\/p>\n","protected":false},"author":3,"featured_media":3103,"comment_status":"closed","ping_status":"open","sticky":false,"template":"","format":"standard","meta":{"tdm_status":"","tdm_grid_status":"","footnotes":""},"categories":[13],"tags":[178,138,193,89],"class_list":{"0":"post-3102","1":"post","2":"type-post","3":"status-publish","4":"format-standard","5":"has-post-thumbnail","7":"category-region","8":"tag-calor","9":"tag-clima","10":"tag-smn","11":"tag-verano"},"_links":{"self":[{"href":"https:\/\/www.noticiasmas.com.ar\/index.php\/wp-json\/wp\/v2\/posts\/3102","targetHints":{"allow":["GET"]}}],"collection":[{"href":"https:\/\/www.noticiasmas.com.ar\/index.php\/wp-json\/wp\/v2\/posts"}],"about":[{"href":"https:\/\/www.noticiasmas.com.ar\/index.php\/wp-json\/wp\/v2\/types\/post"}],"author":[{"embeddable":true,"href":"https:\/\/www.noticiasmas.com.ar\/index.php\/wp-json\/wp\/v2\/users\/3"}],"replies":[{"embeddable":true,"href":"https:\/\/www.noticiasmas.com.ar\/index.php\/wp-json\/wp\/v2\/comments?post=3102"}],"version-history":[{"count":2,"href":"https:\/\/www.noticiasmas.com.ar\/index.php\/wp-json\/wp\/v2\/posts\/3102\/revisions"}],"predecessor-version":[{"id":3108,"href":"https:\/\/www.noticiasmas.com.ar\/index.php\/wp-json\/wp\/v2\/posts\/3102\/revisions\/3108"}],"wp:featuredmedia":[{"embeddable":true,"href":"https:\/\/www.noticiasmas.com.ar\/index.php\/wp-json\/wp\/v2\/media\/3103"}],"wp:attachment":[{"href":"https:\/\/www.noticiasmas.com.ar\/index.php\/wp-json\/wp\/v2\/media?parent=3102"}],"wp:term":[{"taxonomy":"category","embeddable":true,"href":"https:\/\/www.noticiasmas.com.ar\/index.php\/wp-json\/wp\/v2\/categories?post=3102"},{"taxonomy":"post_tag","embeddable":true,"href":"https:\/\/www.noticiasmas.com.ar\/index.php\/wp-json\/wp\/v2\/tags?post=3102"}],"curies":[{"name":"wp","href":"https:\/\/api.w.org\/{rel}","templated":true}]}}