{"id":3176,"date":"2024-01-24T15:10:22","date_gmt":"2024-01-24T18:10:22","guid":{"rendered":"https:\/\/www.noticiasmas.com.ar\/?p=3176"},"modified":"2024-02-19T14:33:13","modified_gmt":"2024-02-19T17:33:13","slug":"una-multitud-colmo-la-esquina-de-los-bancos-durante-la-marcha-del-paro-general","status":"publish","type":"post","link":"https:\/\/www.noticiasmas.com.ar\/index.php\/2024\/01\/24\/una-multitud-colmo-la-esquina-de-los-bancos-durante-la-marcha-del-paro-general\/","title":{"rendered":"Una multitud colm\u00f3 la esquina de los bancos durante la marcha del Paro General"},"content":{"rendered":"\n<p><\/p>\n\n\n\n<p><\/p>\n\n\n\n<p>Al igual que lo ocurrido tanto en la Capital Federal como en distintas regiones metropolitanas del pa\u00eds, el Paro General convocado por la CGT en este mi\u00e9rcoles 24 de enero tuvo fuerte repercusi\u00f3n en la ciudad de San Lorenzo.<\/p>\n\n\n\n<p>El centro neur\u00e1lgico de la ciudad, en avenida San Mart\u00edn y bulevar Urquiza, hist\u00f3rico punto de reclamos de distinta \u00edndole a lo largo de los \u00faltimos a\u00f1os, fue el punto de reuni\u00f3n donde culminaron las agrupaciones de sindicatos, espacios pol\u00edticos e instituciones de la sociedad civil.<\/p>\n\n\n\n<figure class=\"wp-block-image size-large\"><img loading=\"lazy\" decoding=\"async\" width=\"1024\" height=\"576\" src=\"https:\/\/www.noticiasmas.com.ar\/wp-content\/uploads\/2024\/01\/WhatsApp-Image-2024-01-24-at-12.45.06-1024x576.jpeg\" alt=\"\" class=\"wp-image-3178\" srcset=\"https:\/\/www.noticiasmas.com.ar\/wp-content\/uploads\/2024\/01\/WhatsApp-Image-2024-01-24-at-12.45.06-1024x576.jpeg 1024w, https:\/\/www.noticiasmas.com.ar\/wp-content\/uploads\/2024\/01\/WhatsApp-Image-2024-01-24-at-12.45.06-300x169.jpeg 300w, https:\/\/www.noticiasmas.com.ar\/wp-content\/uploads\/2024\/01\/WhatsApp-Image-2024-01-24-at-12.45.06-768x432.jpeg 768w, https:\/\/www.noticiasmas.com.ar\/wp-content\/uploads\/2024\/01\/WhatsApp-Image-2024-01-24-at-12.45.06-150x84.jpeg 150w, https:\/\/www.noticiasmas.com.ar\/wp-content\/uploads\/2024\/01\/WhatsApp-Image-2024-01-24-at-12.45.06-696x392.jpeg 696w, https:\/\/www.noticiasmas.com.ar\/wp-content\/uploads\/2024\/01\/WhatsApp-Image-2024-01-24-at-12.45.06-1068x601.jpeg 1068w, https:\/\/www.noticiasmas.com.ar\/wp-content\/uploads\/2024\/01\/WhatsApp-Image-2024-01-24-at-12.45.06.jpeg 1280w\" sizes=\"auto, (max-width: 1024px) 100vw, 1024px\" \/><\/figure>\n\n\n\n<p>Pasadas las 12 del mediod\u00eda, hora pactada para la concentraci\u00f3n, las columnas de banderas y trabajadores fueron poco a poco colmando el cruce de estas dos arterias sanlorencinas para hacer o\u00edr el reclamo de una sociedad que, al menos en una parte, se manifiesta en contra del rumbo pol\u00edtico y socioecon\u00f3mico que toman las medidas del Gobierno Nacional, plasmadas en el DNU y el proyecto de Ley \u00d3mnibus que el presidente Javier Milei impulso al \u00f3rgano legislativo nacional.<\/p>\n\n\n\n<p>Cabe destacar que no hubo problema alguno con las fuerzas de seguridad que acompa\u00f1aron el movimiento de trabajadores, el cual consisti\u00f3 en un mero ordenamiento del tr\u00e1nsito veh\u00edcular mientras la columna marchaba sobre avenida San Mart\u00edn. Esto es un punto para destacar, tenienedo en cuenta el &#8220;protocolo Bullrich&#8221; para el \u00f3rden p\u00fablico que obliga a las manifestaciones a realizarse sin perjudicar la circulaci\u00f3n de las calles. Lo que hace esto es, principalmente, evidenciar que hay medidas que son aplicadas \u00fanicamente para la Ciudad de Buenos Aires.<\/p>\n\n\n\n<figure class=\"wp-block-video\"><video height=\"480\" style=\"aspect-ratio: 848 \/ 480;\" width=\"848\" controls src=\"https:\/\/www.noticiasmas.com.ar\/wp-content\/uploads\/2024\/01\/whatsapp-video-2024-01-24-at-130310-1_cTzTLAbq.mp4\"><\/video><\/figure>\n\n\n\n<p>\u201cHac\u00eda muchos a\u00f1os no se ve\u00eda una manifestaci\u00f3n de tal magnitud en la ciudad\u201d, confesaron personas que se acercaron a la esquina de los bancos a participar de esta movilizaci\u00f3n. Es que, principalmente y durante el gobierno de Alberto Fern\u00e1ndez, la protesta social se vio sesgada en parte por la pandemia por el coronavirus, y en gran medida, porque los sindicatos de forma particular lograron mantener paritarias que equiparen el aumento del \u00cdndice de Precios al Consumidor.<\/p>\n\n\n\n<p>Para encontrar tanta gente concentrada en esta parte de la ciudad, quiz\u00e1s habr\u00eda que retrotraerse a marzo del 2018, luego del cierre de Refiner\u00eda San Lorenzo, en una marcha que fue acompa\u00f1ada inclusive hasta por el propio intendente de la ciudad.<\/p>\n\n\n\n<p>En esta oportunidad, y pese a la discusi\u00f3n sobre si los modos son los correctos, la manifestaci\u00f3n en el marco de este Paro General logr\u00f3 reunificar nuevamente, o al menos sentar bases de acuerdo, entre varios sectores sindicales de la ciudad y la regi\u00f3n. Esta vez, y no es poco, contra un objetivo en com\u00fan, el de evitar reformas que cambien las conquistas laborales que sostienen la actividad gremial de muchas de estas instituciones.<\/p>\n","protected":false},"excerpt":{"rendered":"<p>Al igual que lo ocurrido tanto en la Capital Federal como en distintas regiones metropolitanas del pa\u00eds, el Paro General convocado por la CGT en este mi\u00e9rcoles 24 de enero tuvo fuerte repercusi\u00f3n en la ciudad de San Lorenzo. El centro neur\u00e1lgico de la ciudad, en avenida San Mart\u00edn y bulevar Urquiza, hist\u00f3rico punto de [&hellip;]<\/p>\n","protected":false},"author":9,"featured_media":3179,"comment_status":"closed","ping_status":"closed","sticky":false,"template":"","format":"standard","meta":{"tdm_status":"","tdm_grid_status":"","footnotes":""},"categories":[13],"tags":[529,549,528,1202,58],"class_list":{"0":"post-3176","1":"post","2":"type-post","3":"status-publish","4":"format-standard","5":"has-post-thumbnail","7":"category-region","8":"tag-esquina-de-los-bancos","9":"tag-manifestacion","10":"tag-marcha","11":"tag-paro-general","12":"tag-san-lorenzo"},"_links":{"self":[{"href":"https:\/\/www.noticiasmas.com.ar\/index.php\/wp-json\/wp\/v2\/posts\/3176","targetHints":{"allow":["GET"]}}],"collection":[{"href":"https:\/\/www.noticiasmas.com.ar\/index.php\/wp-json\/wp\/v2\/posts"}],"about":[{"href":"https:\/\/www.noticiasmas.com.ar\/index.php\/wp-json\/wp\/v2\/types\/post"}],"author":[{"embeddable":true,"href":"https:\/\/www.noticiasmas.com.ar\/index.php\/wp-json\/wp\/v2\/users\/9"}],"replies":[{"embeddable":true,"href":"https:\/\/www.noticiasmas.com.ar\/index.php\/wp-json\/wp\/v2\/comments?post=3176"}],"version-history":[{"count":1,"href":"https:\/\/www.noticiasmas.com.ar\/index.php\/wp-json\/wp\/v2\/posts\/3176\/revisions"}],"predecessor-version":[{"id":3180,"href":"https:\/\/www.noticiasmas.com.ar\/index.php\/wp-json\/wp\/v2\/posts\/3176\/revisions\/3180"}],"wp:featuredmedia":[{"embeddable":true,"href":"https:\/\/www.noticiasmas.com.ar\/index.php\/wp-json\/wp\/v2\/media\/3179"}],"wp:attachment":[{"href":"https:\/\/www.noticiasmas.com.ar\/index.php\/wp-json\/wp\/v2\/media?parent=3176"}],"wp:term":[{"taxonomy":"category","embeddable":true,"href":"https:\/\/www.noticiasmas.com.ar\/index.php\/wp-json\/wp\/v2\/categories?post=3176"},{"taxonomy":"post_tag","embeddable":true,"href":"https:\/\/www.noticiasmas.com.ar\/index.php\/wp-json\/wp\/v2\/tags?post=3176"}],"curies":[{"name":"wp","href":"https:\/\/api.w.org\/{rel}","templated":true}]}}