{"id":3196,"date":"2024-01-24T17:18:13","date_gmt":"2024-01-24T20:18:13","guid":{"rendered":"https:\/\/www.noticiasmas.com.ar\/?p=3196"},"modified":"2024-01-24T17:18:14","modified_gmt":"2024-01-24T20:18:14","slug":"la-cgt-fue-contundente-para-con-los-legisladores-miren-al-pueblo-y-no-traicionen-a-los-trabajadores","status":"publish","type":"post","link":"https:\/\/www.noticiasmas.com.ar\/index.php\/2024\/01\/24\/la-cgt-fue-contundente-para-con-los-legisladores-miren-al-pueblo-y-no-traicionen-a-los-trabajadores\/","title":{"rendered":"La CGT fue contundente para con los legisladores: \u201cMiren al pueblo y no traicionen a los trabajadores\u201d"},"content":{"rendered":"\n<p><\/p>\n\n\n\n<p>El cosecretario general de la CGT H\u00e9ctor Daer reclam\u00f3 este mi\u00e9rcoles a los diputados nacionales que \u201cno act\u00faen agazapados en la oscuridad, miren al pueblo a la cara\u201d y rechacen el DNU y la ley \u201cBases\u201d promovidas por el Gobierno de Javier Milei, tras lo cual advirti\u00f3 que desde la central obrera \u201cvamos a seguir la lucha y no vamos a dar un paso atr\u00e1s hasta que caigan\u201d esas medidas.<\/p>\n\n\n\n<p>Al hablar ante una multitud en la Plaza Congreso, en el marco del paro nacional y la marcha contra el Gobierno organizados por la CGT, Daer dijo que los planes de la administraci\u00f3n Milei \u201cdestruyen los derechos individuales de los trabajadores, los derechos colectivos, los sindicatos y la libertad de acci\u00f3n sindical\u201d.<\/p>\n\n\n\n<p>\u201cVamos a seguir la lucha hasta que lleguemos al \u00e9xito, hasta que caigan el DNU y la ley \u00f3mnibus; no vamos a dar un paso atr\u00e1s, viva el pueblo argentino, viva el movimiento obrero, la patria no se vende!\u201d, enfatiz\u00f3.<\/p>\n\n\n\n<p>\u201cLo advertimos antes de las elecciones y nos dec\u00edan que met\u00edamos miedo a la sociedad, pero nos aumentaron todo: los alimentos, los combustibles y ahora nos dicen que no hay aumento para los jubilados\u201d, enfatiz\u00f3.<\/p>\n\n\n\n<p>En su cr\u00edtica al Gobierno afirm\u00f3 que \u201capuntan a todo lo popular\u201d y ejemplific\u00f3 que procuran \u201cprivatizar el deporte\u201d.<\/p>\n\n\n\n<figure class=\"wp-block-embed is-type-wp-embed is-provider-noticias-mas wp-block-embed-noticias-mas\"><div class=\"wp-block-embed__wrapper\">\n<blockquote class=\"wp-embedded-content\" data-secret=\"xQk0h4qobU\"><a href=\"https:\/\/www.noticiasmas.com.ar\/index.php\/2024\/01\/24\/una-multitud-colmo-la-esquina-de-los-bancos-durante-la-marcha-del-paro-general\/\">Una multitud colm\u00f3 la esquina de los bancos durante la marcha del Paro General<\/a><\/blockquote><iframe loading=\"lazy\" class=\"wp-embedded-content\" sandbox=\"allow-scripts\" security=\"restricted\" style=\"position: absolute; clip: rect(1px, 1px, 1px, 1px);\" title=\"&#8220;Una multitud colm\u00f3 la esquina de los bancos durante la marcha del Paro General&#8221; &#8212; Noticias Mas\" src=\"https:\/\/www.noticiasmas.com.ar\/index.php\/2024\/01\/24\/una-multitud-colmo-la-esquina-de-los-bancos-durante-la-marcha-del-paro-general\/embed\/#?secret=3V5WFu0iKd#?secret=xQk0h4qobU\" data-secret=\"xQk0h4qobU\" width=\"600\" height=\"338\" frameborder=\"0\" marginwidth=\"0\" marginheight=\"0\" scrolling=\"no\"><\/iframe>\n<\/div><\/figure>\n\n\n\n<p>Al referirse a los diputados que discuten el decreto de necesidad y urgencia (DNU) y el proyecto de ley \u201cBases\u201d, el l\u00edder del sindicato de la Sanidad les advirti\u00f3, dirigi\u00e9ndose a los manifestantes: \u201cAhora les decimos que de acuerdo al mandato popular que miren a todos ustedes a a la cara, que nos miren a los ojos, que act\u00faen en consecuencia, que no act\u00faen en la oscuridad, agazapados, porque les dijeron que son coimeros\u201d.<\/p>\n\n\n\n<p>\u201cCuando los llevan a discutir, cuando ponen todo sobre la mesa no se discute nada. Son 600 leyes (contenidas en los proyectos), cada diputado tiene cinco minutos en comisi\u00f3n y cinco minutos en el recinto\u201d, describi\u00f3.<\/p>\n\n\n\n<p>Daer destac\u00f3 que \u201choy vinieron ac\u00e1 la CGT, las CTA y todos los sindicatos y organizaciones obreras de nuestro pa\u00eds, los cient\u00edficos, la cultura, el deporte, los inquillinos, los jubilados, los socialistas, los de izquierda, de la Uni\u00f3n C\u00edvica y los radicales que no olvidan a (Hip\u00f3lito) Yrigoyen ni a (Ra\u00fal) Alfons\u00edn\u201d.<\/p>\n\n\n\n<p>\u201cTodos los que estamos ac\u00e1 m\u00e1s el acompa\u00f1amiento de organizaciones internacionales, como el presidente de la Confederaci\u00f3n Sindical de las Am\u00e9ricas, junto con los que est\u00e1n en las provincias, en el mundo, reclamando frente a las embajadas\u201d, ampli\u00f3.<\/p>\n\n\n\n<p><strong>\u201cNo traicionen a los trabajadores\u201d<\/strong><\/p>\n\n\n\n<p>Minutos antes de las palabras de Daer, el cotitular de la CGT y dirigente de Camioneros, Pablo Moyano, pidi\u00f3 a los legisladores rechazar la Ley \u201cBases\u201d que se encuentra en la C\u00e1mara de Diputados y reclam\u00f3 que \u201cno traicionen a los trabajadores\u201d y a la \u201cdoctrina del peronismo\u201d, que es \u201cdefender a los laburantes, a los que menos tienen y a los jubilados\u201d.<\/p>\n\n\n\n<p>Al hablar en la Plaza del Congreso, en el contexto del paro y marcha que realiza la CGT, el dirigente se\u00f1al\u00f3 que quienes tienen una gran responsabilidad de respaldar al movimiento obrero son los mismos legisladores que \u201chacen campa\u00f1a cantando la marcha, con los cuadros de Per\u00f3n y Evita, pero cuando tienen que tratar una ley se esconden y los tenemos que venir a buscar a su despacho\u201d.<\/p>\n\n\n\n<p>\u201cQue digan p\u00fablicamente si est\u00e1n con los trabajadores o con las corporaciones y el modelo econ\u00f3mico que lleva adelante el presidente Javier Milei\u201d, pidi\u00f3.<\/p>\n\n\n\n<p>Moyano advirti\u00f3 que \u201cun peronista no puede votar este DNU que va en contra de los trabajadores y la soberan\u00eda nacional\u201d.<\/p>\n\n\n\n<p>\u201cLes pedimos a los diputados que tengan dignidad y principios y no se ofendan si les dicen algo en los medios. Les pedimos que no traicionen a los trabajadores, a la doctrina del peronismo, que es defender a los laburantes, a lo que menos tienen y a los jubilados\u201d, sostuvo.<\/p>\n\n\n\n<p>Tambi\u00e9n se expidi\u00f3 en contra de Ganancias y pidi\u00f3 a los legisladores que \u201cno se les ocurra poner otra vez el impuesto a los trabajadores. Si son tan guapos aumenten el impuesto a las grandes fortunas, aumenten las retenciones, pero no a los trabajadores\u201d.<\/p>\n\n\n\n<p>En otra parte de su discurso, pregunt\u00f3 por qu\u00e9 \u201cYPF no se privatiza y las otras empresas (del Estado) s\u00ed\u201d, en alusi\u00f3n a la exclusi\u00f3n de esa empresa del listado de las compa\u00f1\u00edas estatales a privatizar, seg\u00fan el dictamen de las comisiones que analizan el proyecto en la C\u00e1mara baja.<\/p>\n\n\n\n<p>\u201cNo se pueden privatizar las empresas del Estado como Aerol\u00edneas Argentinas, T\u00e9lam, Banco Naci\u00f3n, Radio Nacional. Van a dejar a millones de trabajadores en la calle y se las van a entregar a los amigos\u201d, advirti\u00f3 Moyano.<\/p>\n\n\n\n<p>Agreg\u00f3 que \u201cesta ley de reforma laboral la escribi\u00f3 Paolo Rocca y Mercado Libre\u201d y sostuvo que \u201cla patria no se vende, la patria se defiende\u201d.<\/p>\n\n\n\n<p>Moyano record\u00f3 tambi\u00e9n que \u201chace pocos d\u00edas el Presidente, en forma risue\u00f1a, dijo que al ministro de Econom\u00eda, por las medidas que estaba tomando, hay que llevarlo en andas\u201d y agreg\u00f3 que se trata del \u201cmismo ministro de Econom\u00eda que fue socio de Macri, que fug\u00f3 45 mil millones de d\u00f3lares y que deber\u00eda estar desfilando por tribunales dando explicaciones\u201d.<\/p>\n\n\n\n<p>\u201cY yo le digo ante miles de compa\u00f1eros que si leva adelante estas medidas econ\u00f3micas de hambre, ajuste y despidos, los trabajadores, los jubilados y los m\u00e1s humildes lo van a llevar en andas al ministro pero para tirarlo al Riachuelo\u201d, afirm\u00f3.<\/p>\n\n\n\n<p>Fuente: Agencia T\u00e9lam<\/p>\n","protected":false},"excerpt":{"rendered":"<p>El cosecretario general de la CGT H\u00e9ctor Daer reclam\u00f3 este mi\u00e9rcoles a los diputados nacionales que \u201cno act\u00faen agazapados en la oscuridad, miren al pueblo a la cara\u201d y rechacen el DNU y la ley \u201cBases\u201d promovidas por el Gobierno de Javier Milei, tras lo cual advirti\u00f3 que desde la central obrera \u201cvamos a seguir [&hellip;]<\/p>\n","protected":false},"author":9,"featured_media":3197,"comment_status":"closed","ping_status":"open","sticky":false,"template":"","format":"standard","meta":{"tdm_status":"","tdm_grid_status":"","footnotes":""},"categories":[1],"tags":[751,330,1202,39],"class_list":{"0":"post-3196","1":"post","2":"type-post","3":"status-publish","4":"format-standard","5":"has-post-thumbnail","7":"category-nacionales","8":"tag-capital-federal","9":"tag-cgt","10":"tag-paro-general","11":"tag-politica"},"_links":{"self":[{"href":"https:\/\/www.noticiasmas.com.ar\/index.php\/wp-json\/wp\/v2\/posts\/3196","targetHints":{"allow":["GET"]}}],"collection":[{"href":"https:\/\/www.noticiasmas.com.ar\/index.php\/wp-json\/wp\/v2\/posts"}],"about":[{"href":"https:\/\/www.noticiasmas.com.ar\/index.php\/wp-json\/wp\/v2\/types\/post"}],"author":[{"embeddable":true,"href":"https:\/\/www.noticiasmas.com.ar\/index.php\/wp-json\/wp\/v2\/users\/9"}],"replies":[{"embeddable":true,"href":"https:\/\/www.noticiasmas.com.ar\/index.php\/wp-json\/wp\/v2\/comments?post=3196"}],"version-history":[{"count":1,"href":"https:\/\/www.noticiasmas.com.ar\/index.php\/wp-json\/wp\/v2\/posts\/3196\/revisions"}],"predecessor-version":[{"id":3198,"href":"https:\/\/www.noticiasmas.com.ar\/index.php\/wp-json\/wp\/v2\/posts\/3196\/revisions\/3198"}],"wp:featuredmedia":[{"embeddable":true,"href":"https:\/\/www.noticiasmas.com.ar\/index.php\/wp-json\/wp\/v2\/media\/3197"}],"wp:attachment":[{"href":"https:\/\/www.noticiasmas.com.ar\/index.php\/wp-json\/wp\/v2\/media?parent=3196"}],"wp:term":[{"taxonomy":"category","embeddable":true,"href":"https:\/\/www.noticiasmas.com.ar\/index.php\/wp-json\/wp\/v2\/categories?post=3196"},{"taxonomy":"post_tag","embeddable":true,"href":"https:\/\/www.noticiasmas.com.ar\/index.php\/wp-json\/wp\/v2\/tags?post=3196"}],"curies":[{"name":"wp","href":"https:\/\/api.w.org\/{rel}","templated":true}]}}