{"id":3294,"date":"2024-01-26T09:28:19","date_gmt":"2024-01-26T12:28:19","guid":{"rendered":"https:\/\/www.noticiasmas.com.ar\/?p=3294"},"modified":"2024-01-26T09:29:02","modified_gmt":"2024-01-26T12:29:02","slug":"nuestra-mandato-es-defender-a-la-produccion-y-la-industria-santafesina","status":"publish","type":"post","link":"https:\/\/www.noticiasmas.com.ar\/index.php\/2024\/01\/26\/nuestra-mandato-es-defender-a-la-produccion-y-la-industria-santafesina\/","title":{"rendered":"&#8220;NUESTRO MANDATO ES DEFENDER A LA PRODUCCI\u00d3N Y LA INDUSTRIA SANTAFESINA&#8221;"},"content":{"rendered":"\n<p>El ministro de Desarrollo Productivo fue contundente en defensa del complejo productivo y afirm\u00f3 que el Gobierno Nacional no va a cambiar el mandato que le encomendaron los santafesinos en las urnas.<\/p>\n\n\n\n<p>Tras conocerse el dictamen del oficialismo en el debate por la sanci\u00f3n de la Ley \u00d3mnibus, donde no fueron tenidos en cuenta los planteos hechos por el Gobierno de Santa Fe ante funcionarios nacionales, el ministro de Desarrollo Productivo, Gustavo Puccini, afirm\u00f3 que \u201cnosotros tambi\u00e9n tenemos un mandato que nos dieron los santafesinos y es el de defender con u\u00f1as y dientes a nuestros productores e industriales que son los que generan empleo, reinvierten en la provincia y apuestan todos los d\u00edas a construir un pa\u00eds mejor\u201d. Adelant\u00f3 que en las pr\u00f3ximas horas viajar\u00e1 a Buenos Aires para reunirse con funcionarios nacionales en busca de torcer el rumbo a favor de biocombustibles y contra las retenciones.<br>\u201cNos tom\u00f3 por sorpresa el dictamen oficial por la buena predisposici\u00f3n que hab\u00edan mostrado los funcionarios de Naci\u00f3n. Sentimos que hab\u00eda intenci\u00f3n de hacer modificaciones en materia de biocombustibles y en no aumentar retenciones a las econom\u00edas regionales\u201d explic\u00f3 el ministro Puccini, y agreg\u00f3 que \u201cs\u00ed vemos que fuimos escuchados por los dict\u00e1menes en disidencia que presentaron la UCR y otros partidos afines al gobierno provincial\u201d.<br>Seg\u00fan explic\u00f3 Puccini, desde el gobierno santafesino ten\u00edan expectativas de que el texto consensuado con otras cinco provincias productoras de biodiesel y de bioetanol estuviera incluido en el dictamen oficial, algo que finalmente no ocurri\u00f3. \u201cIncluso la modificaci\u00f3n dej\u00f3 sin efecto el borrador que contemplaba el crecimiento al 15 % para el 2026. Ahora est\u00e1 sujeto a aprobaci\u00f3n del Congreso en 2027\u201d, repas\u00f3 luego de una amplia recorrida por diferentes complejos industriales en la ciudad de Venado Tuerto.<br>En materia de retenciones el acuerdo alcanzado era no aumentar derechos de exportaci\u00f3n a varias de las econom\u00edas regionales que funcionan en Santa Fe. Seg\u00fan contaron funcionarios del Ministerio de Desarrollo Productivo, el compromiso era con al menos 6 econom\u00edas, entre ellas Ma\u00edz Pisingallo, L\u00e1cteos, Legumbres, Arroz, Miel y Cuero Bovino.<br>Puccini adelant\u00f3 que \u201cen las pr\u00f3ximas horas vamos a estar viajando a Buenos Aires a seguir trabajando con el Gobierno para que cumpla con los acuerdos que hab\u00edamos alcanzado. Desde Naci\u00f3n hablan del mandato de reducir el d\u00e9ficit fiscal y nosotros coincidimos con que hay que llegar al d\u00e9ficit cero pero no a costa de la producci\u00f3n. Siempre que Naci\u00f3n necesita fondos, le mete la mano en el bolsillo a Santa Fe; pensamos que con un gobierno liberal esto no iba a ser as\u00ed\u201d.<\/p>\n\n\n\n<p>Agenda productiva<\/p>\n\n\n\n<p>Esta semana, el ministro estuvo junto a parte de su equipo recorriendo distintas empresas de la ciudad de Venado Tuerto. Comenz\u00f3 la ma\u00f1ana en la planta de Nuseed, una empresa de corte biotecnol\u00f3gico que se dedica al desarrollo de cultivos y est\u00e1n trabajando en la carinata, una semilla que ayuda a la rotaci\u00f3n de los suelos en medio de las campa\u00f1as y es enteramente usada para la producci\u00f3n de biocombustibles para aviones.<br>El tema retenciones a la industria y el impacto de la Ley \u00d3mnibus tambi\u00e9n fue central en las reuniones que mantuvo con la Sociedad Rural de Venado Tuerto, en la recorrida en la fabrica Corven y con la C\u00e1mara Regional de Industria y Comercio Exterior. Esta \u00faltima encabezada por el gobernador Maximiliano Pullaro y la vicegobernadora Gisela Scaglia.<br>Por \u00faltimo, posterior a la reuni\u00f3n de Gabinete de ministros que encabezaron Maximiliano Pullaro y Gisela Scaglia, se traslad\u00f3 junto al ministro de Ambiente y Cambio Clim\u00e1tico Enrique Estevez a dialogar con los directivos de la firma \u201cCampo Limpio\u201d para tratar un programa de reciclaje de envases de fitosanitarios en toda la provincia.<\/p>\n\n\n\n<p>Gabinete en territorio<\/p>\n\n\n\n<p>De las diferentes reuniones participaron el secretario de Desarrollo Industrial, Guillermo Beccani, el secretario de Agricultura y Ganader\u00eda, Ignacio Mantaras, y las secretarias de Comercio Exterior, Georgina Losada, de Energ\u00eda, Veronica Geese, y de Ciencia, Tecnolog\u00eda e Innovaci\u00f3n, \u00c9rica Hynes, y el director de Innovaci\u00f3n y de Vinculaci\u00f3n con Gobiernos Locales, Federico Carballeira.<\/p>\n","protected":false},"excerpt":{"rendered":"<p>El ministro de Desarrollo Productivo fue contundente en defensa del complejo productivo y afirm\u00f3 que el Gobierno Nacional no va a cambiar el mandato que le encomendaron los santafesinos en las urnas. Tras conocerse el dictamen del oficialismo en el debate por la sanci\u00f3n de la Ley \u00d3mnibus, donde no fueron tenidos en cuenta los [&hellip;]<\/p>\n","protected":false},"author":5,"featured_media":3295,"comment_status":"closed","ping_status":"open","sticky":false,"template":"","format":"standard","meta":{"tdm_status":"","tdm_grid_status":"","footnotes":""},"categories":[14],"tags":[692,37,18],"class_list":{"0":"post-3294","1":"post","2":"type-post","3":"status-publish","4":"format-standard","5":"has-post-thumbnail","7":"category-provinciales","8":"tag-industria","9":"tag-produccion","10":"tag-santa-fe"},"_links":{"self":[{"href":"https:\/\/www.noticiasmas.com.ar\/index.php\/wp-json\/wp\/v2\/posts\/3294","targetHints":{"allow":["GET"]}}],"collection":[{"href":"https:\/\/www.noticiasmas.com.ar\/index.php\/wp-json\/wp\/v2\/posts"}],"about":[{"href":"https:\/\/www.noticiasmas.com.ar\/index.php\/wp-json\/wp\/v2\/types\/post"}],"author":[{"embeddable":true,"href":"https:\/\/www.noticiasmas.com.ar\/index.php\/wp-json\/wp\/v2\/users\/5"}],"replies":[{"embeddable":true,"href":"https:\/\/www.noticiasmas.com.ar\/index.php\/wp-json\/wp\/v2\/comments?post=3294"}],"version-history":[{"count":2,"href":"https:\/\/www.noticiasmas.com.ar\/index.php\/wp-json\/wp\/v2\/posts\/3294\/revisions"}],"predecessor-version":[{"id":3298,"href":"https:\/\/www.noticiasmas.com.ar\/index.php\/wp-json\/wp\/v2\/posts\/3294\/revisions\/3298"}],"wp:featuredmedia":[{"embeddable":true,"href":"https:\/\/www.noticiasmas.com.ar\/index.php\/wp-json\/wp\/v2\/media\/3295"}],"wp:attachment":[{"href":"https:\/\/www.noticiasmas.com.ar\/index.php\/wp-json\/wp\/v2\/media?parent=3294"}],"wp:term":[{"taxonomy":"category","embeddable":true,"href":"https:\/\/www.noticiasmas.com.ar\/index.php\/wp-json\/wp\/v2\/categories?post=3294"},{"taxonomy":"post_tag","embeddable":true,"href":"https:\/\/www.noticiasmas.com.ar\/index.php\/wp-json\/wp\/v2\/tags?post=3294"}],"curies":[{"name":"wp","href":"https:\/\/api.w.org\/{rel}","templated":true}]}}