{"id":3300,"date":"2024-01-26T09:39:00","date_gmt":"2024-01-26T12:39:00","guid":{"rendered":"https:\/\/www.noticiasmas.com.ar\/?p=3300"},"modified":"2024-01-26T09:39:01","modified_gmt":"2024-01-26T12:39:01","slug":"newells-se-trajo-un-triunfo-agonico-de-santiago-del-estero-para-empezar-a-creer","status":"publish","type":"post","link":"https:\/\/www.noticiasmas.com.ar\/index.php\/2024\/01\/26\/newells-se-trajo-un-triunfo-agonico-de-santiago-del-estero-para-empezar-a-creer\/","title":{"rendered":"Newell&#8217;s se trajo un triunfo ag\u00f3nico de Santiago del Estero para empezar a creer"},"content":{"rendered":"\n<p> <p class=\"MsoNormal\" style=\"text-align:justify\"><span lang=\"ES\" style=\"font-family:\n&quot;Arial&quot;,&quot;sans-serif&quot;\">Newell\u2019s precisaba rescatar de su paso por Santiago del Estero un gesto confiable para poder empezar a construir una nueva ilusi\u00f3n. Necesitaba un inicio esperanzador, capaz de otorgarle solidez a sus bases de sustentaci\u00f3n. Deb\u00eda mostrar, al menos desde sus intenciones, que dej\u00f3 atr\u00e1s las ataduras que le dej\u00f3 un 2023 muy sepia, demasiado lejano a las ambiciones naturales, y que est\u00e1 en condiciones de animarse a mucho m\u00e1s.<\/span><\/p><p class=\"MsoNormal\" style=\"text-align:justify\"><span lang=\"ES\" style=\"font-family:\n&quot;Arial&quot;,&quot;sans-serif&quot;\">Por eso, el 1-0 sobre Central C\u00f3rdoba, con gol de Giovani Chiaverano en tiempo adicional, represent\u00f3 un v\u00e1lido gesto de insinuaci\u00f3n, una se\u00f1al de complicidad para un ciclo que est\u00e1 comenzando a dar sus primeros pasos.<\/span><\/p><p class=\"MsoNormal\" style=\"text-align:justify\"><span lang=\"ES\" style=\"font-family:\n&quot;Arial&quot;,&quot;sans-serif&quot;\">Con Ever Banega (como s\u00edmbolo, usina de juego y con la cinta de capit\u00e1n) y Franco D\u00edaz desde el arranque, y el Colo Ram\u00edrez que salt\u00f3 al campo en el complemento ya que su habilitaci\u00f3n lleg\u00f3 muy sobre la hora, los tres refuerzos oficiales arribados hasta el momento, el conjunto leproso expuso que a pesar de que todav\u00eda le falta tiempo de rodaje, esta performance comulga con las se\u00f1ales que apunta el nuevo DT.<\/span><\/p><p class=\"MsoNormal\" style=\"text-align:justify\"><span lang=\"ES\" style=\"font-family:\n&quot;Arial&quot;,&quot;sans-serif&quot;\">El Newell\u2019s que est\u00e1 tratando de moldear el uruguayo Mauricio Larriera ten\u00eda una gran oportunidad de mostrar la esencia de las ideas que pretende instalar en esta nueva etapa que nace entre necesidades t\u00e1citas de diferenciarse con el proceso anterior. Y desde esa plataforma de partida y de reclamos intr\u00ednsecos, el debut en la Copa de la Liga arroj\u00f3 sensaciones de conformidad en relaci\u00f3n a lo que puede llegar a venir.<\/span><\/p><p class=\"MsoNormal\" style=\"text-align:justify\"><span lang=\"ES\" style=\"font-family:\n&quot;Arial&quot;,&quot;sans-serif&quot;\">La endeblez del rival, que apareci\u00f3 con un plantel con 12 incorporaciones sirvi\u00f3 para medir justamente lo conseguido y actu\u00f3 como correctivo de ocasi\u00f3n, para no caer en conclusiones desmedidas.<\/span><\/p><p class=\"MsoNormal\" style=\"text-align:justify\"><span lang=\"ES\" style=\"font-family:\n&quot;Arial&quot;,&quot;sans-serif&quot;\">Esta primera versi\u00f3n oficial rojinegra exhibi\u00f3 un esquema t\u00e1ctico 4-1-4-1 (con Franco D\u00edaz como \u00fanico cinco) y esa apuesta revel\u00f3 que el DT uruguayo est\u00e1 comenzando a usar el sistema que mejor le funcion\u00f3 en la pretemporada.<\/span><\/p><p class=\"MsoNormal\" style=\"text-align:justify\"><span lang=\"ES\" style=\"font-family:\n&quot;Arial&quot;,&quot;sans-serif&quot;\">Bajo ese encuadre se vio un equipo suelto, decidido para presionar y forzar el error del rival, y criterioso para manejar las respuestas y las acciones de ataque. Le falt\u00f3 otra vez punch arriba, pero exhibi\u00f3 que lo puede conseguir.<\/span><\/p><p class=\"MsoNormal\" style=\"text-align:justify\"><span lang=\"ES\" style=\"font-family:\n&quot;Arial&quot;,&quot;sans-serif&quot;\">En ese sentido, se pudo advertir la vocaci\u00f3n de un juego m\u00e1s directo, que no recurre tanto a los pases hacia atr\u00e1s, y que no le gusta correr riesgos innecesarios en las situaciones de salidas.<\/span><\/p><p class=\"MsoNormal\" style=\"text-align:justify\"><span lang=\"ES\" style=\"font-family:\n&quot;Arial&quot;,&quot;sans-serif&quot;\">Queda claro que prefiere que las imprecisiones aparezcan en el rival y desde all\u00ed tratar de golpear de una manera m\u00e1s r\u00e1pida y vertical, sin tantos rodeos. En ese aspecto pudo evidenciar ideas propias, muy distintas a su pasado reciente.<\/span><\/p><p class=\"MsoNormal\" style=\"text-align:justify\"><span lang=\"ES\" style=\"font-family:\n&quot;Arial&quot;,&quot;sans-serif&quot;\">Otra cuesti\u00f3n tormentosa para Newell\u2019s fue su relaci\u00f3n con el gol. En el ciclo de Gabriel Heinze nunca consigui\u00f3 capacidad de finalizaci\u00f3n de jugadas y de da\u00f1ar al rival con anotaciones. Y en Santiago del Estero, la lepra aprovech\u00f3 el desparpajo de un pibe de la casa que no se resign\u00f3 hasta el final y consigui\u00f3 una anotaci\u00f3n que vali\u00f3 un triunfo muy festejado por las huestes rojinegros.<\/span><\/p><p class=\"MsoNormal\" style=\"text-align:justify\"><span lang=\"ES\" style=\"font-family:\n&quot;Arial&quot;,&quot;sans-serif&quot;\">En ese sentido, Guillermo May sali\u00f3 de arranque porque al Colo Ram\u00edrez le lleg\u00f3 el OK administrativo muy sobre la hora, y no estuvo certero. Y jug\u00f3 mejor cuando entr\u00f3 Ram\u00edrez y tuvieron compartir exigencias.<\/span><\/p><p class=\"MsoNormal\" style=\"text-align:justify\"><span lang=\"ES\" style=\"font-family:\n&quot;Arial&quot;,&quot;sans-serif&quot;\">Por su parte, el anhelado retorno de Banega deriv\u00f3 en una puesta en escena en la que mostr\u00f3 algunos pincelazos de lo que puede darle a este Newell\u2019s.<\/span><\/p><p class=\"MsoNormal\" style=\"text-align:justify\"><span lang=\"ES\" style=\"font-family:\n&quot;Arial&quot;,&quot;sans-serif&quot;\">M\u00e1s en rol de organizador, Ever se hizo cargo de sus obligaciones y fue el im\u00e1n de todo lo que gener\u00f3 el equipo. A su ritmo, qued\u00f3 claro que es una pieza que eleva de condici\u00f3n el piso de cualidades del conjunto rojinegro y vale empezar a entusiasmarse con lo que puede armarse dentro de la cancha desde su halo de figura referente.<\/span><\/p><p class=\"MsoNormal\" style=\"text-align:justify\"><span lang=\"ES\" style=\"font-family:\n&quot;Arial&quot;,&quot;sans-serif&quot;\">Banega tuvo la 10 en la espalda y fue capit\u00e1n, y sobre \u00e9l recaer\u00e1n las obligaciones de este Newell\u2019s que reci\u00e9n est\u00e1 asomando.<\/span><\/p><p class=\"MsoNormal\" style=\"text-align:justify\"><span lang=\"ES\" style=\"font-family:\n&quot;Arial&quot;,&quot;sans-serif&quot;\">En el arco, Larriera peg\u00f3 otro pleno y mostr\u00f3 sus consideraciones y con Ramiro Macagno bajo los tres palos, este conjunto se mostr\u00f3 m\u00e1s sereno. El ex guardameta de Platense contagi\u00f3 seguridad y serenidad, un clima opuesto a los nervios que desparramaban Lucas Hoyos y Guillermo Ortiz. Desde all\u00ed, se not\u00f3 un cambio muy saludable. Macagno salv\u00f3 una en el final que pudo costar la victoria.<\/span><\/p><p class=\"MsoNormal\" style=\"text-align:justify\"><span lang=\"ES\" style=\"font-family:\n&quot;Arial&quot;,&quot;sans-serif&quot;\">En tiempo adicional, Chiaverano se visti\u00f3 de h\u00e9roe y meti\u00f3 su primer gol en primera para regalarle un grito fuerte a la lepra en Santiago.<\/span><\/p><p class=\"MsoNormal\" style=\"text-align:justify\"><span lang=\"ES\" style=\"font-family:\n&quot;Arial&quot;,&quot;sans-serif&quot;\">As\u00ed, el Newell\u2019s de Larriera arranc\u00f3 ganando y eso vale oro en torneos cortos. Tiene que ser un elemento de motivaci\u00f3n para seguir creciendo y sumando.<\/span><\/p><p class=\"MsoNormal\" style=\"text-align:justify\"><span lang=\"ES\" style=\"font-family:\n&quot;Arial&quot;,&quot;sans-serif&quot;\">Sin llegar a una producci\u00f3n superlativa, estableci\u00f3 un piso que despierta ciertas expectativas en el pueblo rojinegro. Con la moderaci\u00f3n que requiere todo inicio, y sobre todo la pobreza del adversario.<\/span><\/p><p class=\"MsoNormal\" style=\"text-align:justify\"><span lang=\"ES\" style=\"font-family:\n&quot;Arial&quot;,&quot;sans-serif&quot;\">Bajo esta nueva conducci\u00f3n, precisaba empezar a entusiasmar (hacia adentro y hacia afuera), y con esta alegr\u00eda de visitante comienza a sembrar algo de esperanza en lo que puede cosechar en su futuro inmediato.<\/span><\/p> <\/p>\n","protected":false},"excerpt":{"rendered":"<p>Newell\u2019s precisaba rescatar de su paso por Santiago del Estero un gesto confiable para poder empezar a construir una nueva ilusi\u00f3n. Necesitaba un inicio esperanzador, capaz de otorgarle solidez a sus bases de sustentaci\u00f3n. Deb\u00eda mostrar, al menos desde sus intenciones, que dej\u00f3 atr\u00e1s las ataduras que le dej\u00f3 un 2023 muy sepia, demasiado lejano [&hellip;]<\/p>\n","protected":false},"author":8,"featured_media":3301,"comment_status":"closed","ping_status":"open","sticky":false,"template":"","format":"standard","meta":{"tdm_status":"","tdm_grid_status":"","footnotes":""},"categories":[10],"tags":[1364,1351,132,420,199],"class_list":{"0":"post-3300","1":"post","2":"type-post","3":"status-publish","4":"format-standard","5":"has-post-thumbnail","7":"category-deportes","8":"tag-1-a-0","9":"tag-central-cordoba","10":"tag-newells","11":"tag-santiago-del-estero","12":"tag-victoria"},"_links":{"self":[{"href":"https:\/\/www.noticiasmas.com.ar\/index.php\/wp-json\/wp\/v2\/posts\/3300","targetHints":{"allow":["GET"]}}],"collection":[{"href":"https:\/\/www.noticiasmas.com.ar\/index.php\/wp-json\/wp\/v2\/posts"}],"about":[{"href":"https:\/\/www.noticiasmas.com.ar\/index.php\/wp-json\/wp\/v2\/types\/post"}],"author":[{"embeddable":true,"href":"https:\/\/www.noticiasmas.com.ar\/index.php\/wp-json\/wp\/v2\/users\/8"}],"replies":[{"embeddable":true,"href":"https:\/\/www.noticiasmas.com.ar\/index.php\/wp-json\/wp\/v2\/comments?post=3300"}],"version-history":[{"count":1,"href":"https:\/\/www.noticiasmas.com.ar\/index.php\/wp-json\/wp\/v2\/posts\/3300\/revisions"}],"predecessor-version":[{"id":3302,"href":"https:\/\/www.noticiasmas.com.ar\/index.php\/wp-json\/wp\/v2\/posts\/3300\/revisions\/3302"}],"wp:featuredmedia":[{"embeddable":true,"href":"https:\/\/www.noticiasmas.com.ar\/index.php\/wp-json\/wp\/v2\/media\/3301"}],"wp:attachment":[{"href":"https:\/\/www.noticiasmas.com.ar\/index.php\/wp-json\/wp\/v2\/media?parent=3300"}],"wp:term":[{"taxonomy":"category","embeddable":true,"href":"https:\/\/www.noticiasmas.com.ar\/index.php\/wp-json\/wp\/v2\/categories?post=3300"},{"taxonomy":"post_tag","embeddable":true,"href":"https:\/\/www.noticiasmas.com.ar\/index.php\/wp-json\/wp\/v2\/tags?post=3300"}],"curies":[{"name":"wp","href":"https:\/\/api.w.org\/{rel}","templated":true}]}}