{"id":3335,"date":"2024-01-26T16:28:35","date_gmt":"2024-01-26T19:28:35","guid":{"rendered":"https:\/\/www.noticiasmas.com.ar\/?p=3335"},"modified":"2024-01-26T16:28:36","modified_gmt":"2024-01-26T19:28:36","slug":"rio-negro-le-respondio-a-nacion-con-otra-amenaza-nosotros-podemos-dejar-al-pais-sin-energia","status":"publish","type":"post","link":"https:\/\/www.noticiasmas.com.ar\/index.php\/2024\/01\/26\/rio-negro-le-respondio-a-nacion-con-otra-amenaza-nosotros-podemos-dejar-al-pais-sin-energia\/","title":{"rendered":"R\u00edo Negro le respondi\u00f3 a Naci\u00f3n con otra amenaza: \u201cNosotros podemos dejar al pa\u00eds sin energ\u00eda\u201d"},"content":{"rendered":"\n<p> <p class=\"MsoNormal\" style=\"text-align:justify\"><span lang=\"ES\" style=\"font-family:\n&quot;Arial&quot;,&quot;sans-serif&quot;\">Tras las declaraciones del ministro de Econom\u00eda Luis Caputo, junto a las atribuidas al propio presidente Javier Milei sobre el recorte de recursos a las provincias a tal punto de \u201cfundirlas\u201d, varios gobernadores se enojaron. <\/span><\/p><p class=\"MsoNormal\" style=\"text-align:justify\"><span lang=\"ES\" style=\"font-family:\n&quot;Arial&quot;,&quot;sans-serif&quot;\">Desde R\u00edo Negro, advirtieron, y as\u00ed como Naci\u00f3n amenaza, las provincias tambi\u00e9n pueden hacerlo. \u201cPodr\u00edamos literalmente dejar sin energ\u00eda al gobierno nacional\u201d, dispar\u00f3 el vicegobernador Pedro Pesatti.<\/span><\/p><p class=\"MsoNormal\" style=\"text-align:justify\"><span lang=\"ES\" style=\"font-family:\n&quot;Arial&quot;,&quot;sans-serif&quot;\">&#8220;La principal funci\u00f3n del presidente es garantizar la paz en el pa\u00eds&#8221;, se\u00f1al\u00f3 Pesatti y lo acus\u00f3 de llevar \u201ca la Argentina a los extremos y un Presidente debe buscar un di\u00e1logo entre Naci\u00f3n y las provincias&#8221;.<\/span><\/p><p class=\"MsoNormal\" style=\"text-align:justify\"><span lang=\"ES\" style=\"font-family:\n&quot;Arial&quot;,&quot;sans-serif&quot;\">\u201cNosotros podr\u00edamos dejar sin energ\u00eda al gobierno nacional. Producimos el 90 por ciento de la energ\u00eda que Argentina necesita&#8221;, record\u00f3.<\/span><\/p><p class=\"MsoNormal\" style=\"text-align:justify\"><span lang=\"ES\" style=\"font-family:\n&quot;Arial&quot;,&quot;sans-serif&quot;\">&#8220;Uno responde como puede y responde buscando que esas respuestas hagan reflexionar algo al gobierno nacional, no se puede usar la amenaza como metodolog\u00eda para gobernar&#8221;, insisti\u00f3.<\/span><\/p> <\/p>\n","protected":false},"excerpt":{"rendered":"<p>Tras las declaraciones del ministro de Econom\u00eda Luis Caputo, junto a las atribuidas al propio presidente Javier Milei sobre el recorte de recursos a las provincias a tal punto de \u201cfundirlas\u201d, varios gobernadores se enojaron. Desde R\u00edo Negro, advirtieron, y as\u00ed como Naci\u00f3n amenaza, las provincias tambi\u00e9n pueden hacerlo. \u201cPodr\u00edamos literalmente dejar sin energ\u00eda al [&hellip;]<\/p>\n","protected":false},"author":8,"featured_media":3336,"comment_status":"closed","ping_status":"open","sticky":false,"template":"","format":"standard","meta":{"tdm_status":"","tdm_grid_status":"","footnotes":""},"categories":[8],"tags":[1388,573,1387,1384,1386,1382,1383],"class_list":{"0":"post-3335","1":"post","2":"type-post","3":"status-publish","4":"format-standard","5":"has-post-thumbnail","7":"category-politica","8":"tag-disputa","9":"tag-energia","10":"tag-nacion","11":"tag-pedro-pesatti","12":"tag-recursos","13":"tag-rio-negro","14":"tag-vicegobernador"},"_links":{"self":[{"href":"https:\/\/www.noticiasmas.com.ar\/index.php\/wp-json\/wp\/v2\/posts\/3335","targetHints":{"allow":["GET"]}}],"collection":[{"href":"https:\/\/www.noticiasmas.com.ar\/index.php\/wp-json\/wp\/v2\/posts"}],"about":[{"href":"https:\/\/www.noticiasmas.com.ar\/index.php\/wp-json\/wp\/v2\/types\/post"}],"author":[{"embeddable":true,"href":"https:\/\/www.noticiasmas.com.ar\/index.php\/wp-json\/wp\/v2\/users\/8"}],"replies":[{"embeddable":true,"href":"https:\/\/www.noticiasmas.com.ar\/index.php\/wp-json\/wp\/v2\/comments?post=3335"}],"version-history":[{"count":1,"href":"https:\/\/www.noticiasmas.com.ar\/index.php\/wp-json\/wp\/v2\/posts\/3335\/revisions"}],"predecessor-version":[{"id":3337,"href":"https:\/\/www.noticiasmas.com.ar\/index.php\/wp-json\/wp\/v2\/posts\/3335\/revisions\/3337"}],"wp:featuredmedia":[{"embeddable":true,"href":"https:\/\/www.noticiasmas.com.ar\/index.php\/wp-json\/wp\/v2\/media\/3336"}],"wp:attachment":[{"href":"https:\/\/www.noticiasmas.com.ar\/index.php\/wp-json\/wp\/v2\/media?parent=3335"}],"wp:term":[{"taxonomy":"category","embeddable":true,"href":"https:\/\/www.noticiasmas.com.ar\/index.php\/wp-json\/wp\/v2\/categories?post=3335"},{"taxonomy":"post_tag","embeddable":true,"href":"https:\/\/www.noticiasmas.com.ar\/index.php\/wp-json\/wp\/v2\/tags?post=3335"}],"curies":[{"name":"wp","href":"https:\/\/api.w.org\/{rel}","templated":true}]}}