{"id":3343,"date":"2024-01-27T09:24:33","date_gmt":"2024-01-27T12:24:33","guid":{"rendered":"https:\/\/www.noticiasmas.com.ar\/?p=3343"},"modified":"2024-01-27T09:24:35","modified_gmt":"2024-01-27T12:24:35","slug":"con-una-gran-fiesta-de-espuma-finalizo-la-primera-etapa-de-la-colonia-del-poli-municipal","status":"publish","type":"post","link":"https:\/\/www.noticiasmas.com.ar\/index.php\/2024\/01\/27\/con-una-gran-fiesta-de-espuma-finalizo-la-primera-etapa-de-la-colonia-del-poli-municipal\/","title":{"rendered":"CON UNA GRAN FIESTA DE ESPUMA, FINALIZ\u00d3 LA PRIMERA ETAPA DE LA COLONIA DEL POLI MUNICIPAL"},"content":{"rendered":"\n<p><strong>M\u00e1s de 700 chicos de 14 barrios participaron de la actividad recreativa, que incluy\u00f3 traslados, controles m\u00e9dicos, dos comidas y el trabajo de cincuenta profesionales. El martes pr\u00f3ximo comenzar\u00e1 la segunda etapa, con el acceso de m\u00e1s nenes y nenas de otras zonas de la ciudad.<\/strong><\/p>\n\n\n\n<p>Con una gran fiesta de espuma finaliz\u00f3 la primera etapa de la Colonia de Vacaciones con sede en el Polideportivo Municipal. M\u00e1s de 700 chicos y chicas accedieron durante tres semanas al servicio gratuito, que incluy\u00f3 traslados, controles m\u00e9dicos, dos comidas y el trabajo de veinte profesores que cuidan de los nenes y coordinan diversas actividades. El martes ingresar\u00e1 la segunda tanda de ni\u00f1os que disfrutar\u00e1n de las instalaciones del Poli hasta el 16 de febrero pr\u00f3ximo.<\/p>\n\n\n\n<p>\u201cHicieron actividades recreativas, deportivas, disfrutaron de la pileta, desayunaron, pero sobre todo cultivaron lo m\u00e1s importante, que es el respeto, la camarader\u00eda y la amistad\u201d, expres\u00f3 el intendente Raimundo, presente en la jornada.<\/p>\n\n\n\n<p>Adem\u00e1s, el mandatario expres\u00f3 agradecimiento a las mam\u00e1s y a los pap\u00e1s de los chicos: \u201cNos confiaron lo m\u00e1s precioso que tienen, que son sus hijos. Eso para nosotros es una responsabilidad, pero tambi\u00e9n una gran satisfacci\u00f3n\u201d.<\/p>\n\n\n\n<p>Acompa\u00f1aron al jefe del Jefe del Ejecutivo local la secretaria de Gobierno y Cultura, Ver\u00f3nica Cittadini; el subsecretario de Deportes, Roque Caballero; y el coordinador general de la Colonia, Esteban Buttic\u00e9.<\/p>\n\n\n\n<p><strong>La Colonia del Poli<\/strong><\/p>\n\n\n\n<p>El servicio, de car\u00e1cter gratuito, incluye traslados, controles m\u00e9dicos, dos comidas y el trabajo de 50 profesionales que cuidan de los ni\u00f1os y coordinan diversas actividades.<\/p>\n\n\n\n<p>Adem\u00e1s, un equipo sanitario realiza a los menores controles de peso y talla, micosis, pediculosis, salud bucal y carnet de vacunaci\u00f3n, con prescripci\u00f3n y realizaci\u00f3n de tratamientos en los casos correspondientes.<\/p>\n\n\n\n<p>Durante las primeras tres semanas (del 9 al 26 de enero entre las 8 y las 13 h) asistieron a la colonia m\u00e1s de 700 ni\u00f1os de los barrios Norte, Rivadavia, Las Quintas, Islas Malvinas, Moreno, D\u00edaz V\u00e9lez, Oro\u00f1o, El Pino, Supe, Escalada, Sargento Cabral, Felisa, San Mart\u00edn y 1\u00ba de Julio; adem\u00e1s, chicos en estado de vulnerabilidad social que viven en Anide y del centro de d\u00eda CREE, al que asisten personas con discapacidades.<\/p>\n\n\n\n<p>En las tres \u00faltimas (del 30 de enero al 16 de febrero entre las 8 y las 13 h) participar\u00e1n los que viven en 3 de Febrero, Mitre, Fonavi, Bouchard, Jos\u00e9 Hern\u00e1ndez, Del Combate, Capit\u00e1n Berm\u00fadez, Alem, 2 de Abril, Morando, San Eduardo, 17 de Agosto, San Mart\u00edn, 1\u00ba de Julio y Anide.<\/p>\n\n\n\n<p>Los chicos son transportados desde las sedes barriales al Polideportivo y de regreso cuando culmina la jornada. Durante su estad\u00eda en el predio se les ofrecen dos comidas, realizan actividades l\u00fadicas y deportivas y, bajo la supervisi\u00f3n de los guardavidas municipales, disfrutan de la pileta del complejo.<\/p>\n\n\n\n<p>En total, son 50 los profesionales a cargo de su cuidado, entre guardavidas, profesores de Educaci\u00f3n F\u00edsica, psic\u00f3logos, acompa\u00f1antes terap\u00e9uticos, maestras de ciclo inicial, docentes de danzas y arte.<\/p>\n","protected":false},"excerpt":{"rendered":"<p>M\u00e1s de 700 chicos de 14 barrios participaron de la actividad recreativa, que incluy\u00f3 traslados, controles m\u00e9dicos, dos comidas y el trabajo de cincuenta profesionales. El martes pr\u00f3ximo comenzar\u00e1 la segunda etapa, con el acceso de m\u00e1s nenes y nenas de otras zonas de la ciudad. Con una gran fiesta de espuma finaliz\u00f3 la primera [&hellip;]<\/p>\n","protected":false},"author":5,"featured_media":3344,"comment_status":"closed","ping_status":"open","sticky":false,"template":"","format":"standard","meta":{"tdm_status":"","tdm_grid_status":"","footnotes":""},"categories":[13],"tags":[894,675,58],"class_list":{"0":"post-3343","1":"post","2":"type-post","3":"status-publish","4":"format-standard","5":"has-post-thumbnail","7":"category-region","8":"tag-colonia-de-verano","9":"tag-polideportivo-municipal","10":"tag-san-lorenzo"},"_links":{"self":[{"href":"https:\/\/www.noticiasmas.com.ar\/index.php\/wp-json\/wp\/v2\/posts\/3343","targetHints":{"allow":["GET"]}}],"collection":[{"href":"https:\/\/www.noticiasmas.com.ar\/index.php\/wp-json\/wp\/v2\/posts"}],"about":[{"href":"https:\/\/www.noticiasmas.com.ar\/index.php\/wp-json\/wp\/v2\/types\/post"}],"author":[{"embeddable":true,"href":"https:\/\/www.noticiasmas.com.ar\/index.php\/wp-json\/wp\/v2\/users\/5"}],"replies":[{"embeddable":true,"href":"https:\/\/www.noticiasmas.com.ar\/index.php\/wp-json\/wp\/v2\/comments?post=3343"}],"version-history":[{"count":1,"href":"https:\/\/www.noticiasmas.com.ar\/index.php\/wp-json\/wp\/v2\/posts\/3343\/revisions"}],"predecessor-version":[{"id":3345,"href":"https:\/\/www.noticiasmas.com.ar\/index.php\/wp-json\/wp\/v2\/posts\/3343\/revisions\/3345"}],"wp:featuredmedia":[{"embeddable":true,"href":"https:\/\/www.noticiasmas.com.ar\/index.php\/wp-json\/wp\/v2\/media\/3344"}],"wp:attachment":[{"href":"https:\/\/www.noticiasmas.com.ar\/index.php\/wp-json\/wp\/v2\/media?parent=3343"}],"wp:term":[{"taxonomy":"category","embeddable":true,"href":"https:\/\/www.noticiasmas.com.ar\/index.php\/wp-json\/wp\/v2\/categories?post=3343"},{"taxonomy":"post_tag","embeddable":true,"href":"https:\/\/www.noticiasmas.com.ar\/index.php\/wp-json\/wp\/v2\/tags?post=3343"}],"curies":[{"name":"wp","href":"https:\/\/api.w.org\/{rel}","templated":true}]}}