{"id":3396,"date":"2024-01-29T12:15:47","date_gmt":"2024-01-29T15:15:47","guid":{"rendered":"https:\/\/www.noticiasmas.com.ar\/?p=3396"},"modified":"2024-01-29T12:15:48","modified_gmt":"2024-01-29T15:15:48","slug":"un-canto-a-la-libertad-cumple-25-anos-y-lo-celebra-con-un-gran-despliegue-de-talento-local","status":"publish","type":"post","link":"https:\/\/www.noticiasmas.com.ar\/index.php\/2024\/01\/29\/un-canto-a-la-libertad-cumple-25-anos-y-lo-celebra-con-un-gran-despliegue-de-talento-local\/","title":{"rendered":"&#8220;UN CANTO A LA LIBERTAD&#8221; CUMPLE 25 A\u00d1OS Y LO CELEBRA CON UN GRAN DESPLIEGUE DE TALENTO LOCAL"},"content":{"rendered":"\n<p><strong>La edici\u00f3n 2024 del festival folcl\u00f3rico se desarrollar\u00e1 este viernes 2, s\u00e1bado 3 y domingo 4 en el predio del Parador Tur\u00edstico, con entrada libre y gratuita. Se presentar\u00e1n artistas locales de vasta trayectoria y otros que irrumpen con fuerza en la escena regional y nacional.<\/strong><\/p>\n\n\n\n<p>El pr\u00f3ximo fin de semana se celebrar\u00e1 la 25\u00aa edici\u00f3n del festival folcl\u00f3rico \u201cSan Lorenzo, Un canto a la libertad\u201d, gran vidriera de artistas locales y evento cumbre de la m\u00fasica regional. Tendr\u00e1 lugar el viernes 2, el s\u00e1bado 3 y el domingo 4 en el predio del Parador Tur\u00edstico, con entrada libre y gratuita.<\/p>\n\n\n\n<p>Este lunes se dio a conocer la grilla de presentaciones, con reconocidos artistas \u2013bandas, solistas y agrupaciones de baile\u2013 de vasta trayectoria y otros que irrumpen con fuerza en la escena local y nacional.<br>En este marco, la Municipalidad entregar\u00e1 reconocimientos a destacadas figuras del \u00e1mbito folcl\u00f3rico.<br>Adem\u00e1s habr\u00e1 foodtrucks con diferentes opciones para comer y beber, y feria de emprendedores sobre avenida Del Combate.<\/p>\n\n\n\n<p>Tambi\u00e9n funcionar\u00e1 un stand de Juventudes, desde el cual personal de la Coordinaci\u00f3n brindar\u00e1 asesoramiento sobre Boleto Educativo y confecci\u00f3n del primer Curr\u00edculum Vitae. Asimismo, se proporcionar\u00e1 informaci\u00f3n sobre la agenda de actividades y los programas que lleva adelante el \u00e1rea.<br>A cargo de la conducci\u00f3n del festival estar\u00e1n Nito Palacios, Alicia Gallo y Anto Rozas.<\/p>\n\n\n\n<p><strong>Viernes 2 (desde las 20 h)<\/strong><br>Parlamento de la Tercera Edad, Carlos Leguizam\u00f3n, Julio y Susana V\u00e1zquez, Silvina Vivas, Hannah Cristal, Pelecho, Achalay, Estudio de arte argentino, Renacer, Impulsa, D\u00fao Leguizamon, Mi barrio baila, Rodrigo Quinteros, Patricia Ver\u00f3n y los yaganes.<\/p>\n\n\n\n<p><strong>S\u00e1bado 3 (desde las 21 h)<\/strong><br>Los Pe\u00f1eros, Crisol, Iv\u00e1n Lips, Martin Febre, Juli Chioli, Warmis Compa\u00f1\u00eda Femenina, Litoralmente, Proyecto Tango, Compa\u00f1\u00eda de Danzas Folcl\u00f3rica Caminantes, Trashumantes, Dami\u00e1n Albeti, D\u00fao \u00d1apind\u00e1.<\/p>\n\n\n\n<p><strong>Domingo 4 (desde las 19.30 h)<\/strong>&nbsp;Roc\u00edo Saldivia, Danza Luna Nativa, Ana Ibaldi, Marcelo Palacios, Estilo, Sentir de mi Tierra, Iv\u00e1n Melo, Marilen, Bombos Sanmartinianos, Cosechando Amigos, Centro Aldo Saravia, Guido Cerri.<\/p>\n","protected":false},"excerpt":{"rendered":"<p>La edici\u00f3n 2024 del festival folcl\u00f3rico se desarrollar\u00e1 este viernes 2, s\u00e1bado 3 y domingo 4 en el predio del Parador Tur\u00edstico, con entrada libre y gratuita. Se presentar\u00e1n artistas locales de vasta trayectoria y otros que irrumpen con fuerza en la escena regional y nacional. El pr\u00f3ximo fin de semana se celebrar\u00e1 la 25\u00aa [&hellip;]<\/p>\n","protected":false},"author":5,"featured_media":3398,"comment_status":"closed","ping_status":"open","sticky":false,"template":"","format":"standard","meta":{"tdm_status":"","tdm_grid_status":"","footnotes":""},"categories":[13],"tags":[1403,58],"class_list":{"0":"post-3396","1":"post","2":"type-post","3":"status-publish","4":"format-standard","5":"has-post-thumbnail","7":"category-region","8":"tag-festival-un-canto-a-la-libertad","9":"tag-san-lorenzo"},"_links":{"self":[{"href":"https:\/\/www.noticiasmas.com.ar\/index.php\/wp-json\/wp\/v2\/posts\/3396","targetHints":{"allow":["GET"]}}],"collection":[{"href":"https:\/\/www.noticiasmas.com.ar\/index.php\/wp-json\/wp\/v2\/posts"}],"about":[{"href":"https:\/\/www.noticiasmas.com.ar\/index.php\/wp-json\/wp\/v2\/types\/post"}],"author":[{"embeddable":true,"href":"https:\/\/www.noticiasmas.com.ar\/index.php\/wp-json\/wp\/v2\/users\/5"}],"replies":[{"embeddable":true,"href":"https:\/\/www.noticiasmas.com.ar\/index.php\/wp-json\/wp\/v2\/comments?post=3396"}],"version-history":[{"count":1,"href":"https:\/\/www.noticiasmas.com.ar\/index.php\/wp-json\/wp\/v2\/posts\/3396\/revisions"}],"predecessor-version":[{"id":3399,"href":"https:\/\/www.noticiasmas.com.ar\/index.php\/wp-json\/wp\/v2\/posts\/3396\/revisions\/3399"}],"wp:featuredmedia":[{"embeddable":true,"href":"https:\/\/www.noticiasmas.com.ar\/index.php\/wp-json\/wp\/v2\/media\/3398"}],"wp:attachment":[{"href":"https:\/\/www.noticiasmas.com.ar\/index.php\/wp-json\/wp\/v2\/media?parent=3396"}],"wp:term":[{"taxonomy":"category","embeddable":true,"href":"https:\/\/www.noticiasmas.com.ar\/index.php\/wp-json\/wp\/v2\/categories?post=3396"},{"taxonomy":"post_tag","embeddable":true,"href":"https:\/\/www.noticiasmas.com.ar\/index.php\/wp-json\/wp\/v2\/tags?post=3396"}],"curies":[{"name":"wp","href":"https:\/\/api.w.org\/{rel}","templated":true}]}}