{"id":3451,"date":"2024-01-30T11:10:27","date_gmt":"2024-01-30T14:10:27","guid":{"rendered":"https:\/\/www.noticiasmas.com.ar\/?p=3451"},"modified":"2024-01-30T11:10:28","modified_gmt":"2024-01-30T14:10:28","slug":"paritarias-el-gobierno-provincial-presentaria-en-48-horas-una-oferta-a-docentes-y-estatales","status":"publish","type":"post","link":"https:\/\/www.noticiasmas.com.ar\/index.php\/2024\/01\/30\/paritarias-el-gobierno-provincial-presentaria-en-48-horas-una-oferta-a-docentes-y-estatales\/","title":{"rendered":"Paritarias: el gobierno provincial presentar\u00eda &#8220;en 48 horas&#8221; una oferta a docentes y estatales"},"content":{"rendered":"\n<p> <p class=\"MsoNormal\" style=\"text-align:justify\"><span lang=\"ES\" style=\"font-family:\n&quot;Arial&quot;,&quot;sans-serif&quot;\">La discusi\u00f3n paritaria de los docentes y empleados estatales en la provincia de Santa Fe parece cada vez m\u00e1s complicada tras la decisi\u00f3n del gobierno de Maximiliano Pullaro de no cumplir con los compromisos de la gesti\u00f3n previa y atar los incrementos a la recaudaci\u00f3n, ya no a los \u00edndices de inflaci\u00f3n.<\/span><\/p><p class=\"MsoNormal\" style=\"text-align:justify\"><span lang=\"ES\" style=\"font-family:\n&quot;Arial&quot;,&quot;sans-serif&quot;\">El ministro de Gobierno, Fabi\u00e1n Bast\u00eda, reiter\u00f3 que \u201ces imposible cumplir\u201d con el compromiso tomado por la gesti\u00f3n anterior, y remarc\u00f3 que \u201cde ninguna manera se gastar\u00e1n m\u00e1s recursos de los que tiene la provincia\u201d. En ese contexto, adelant\u00f3 que probablemente &#8220;en 48 horas&#8221; el gobierno provincial presentar\u00e1 a los gremios su propuesta de incremento salarial.<\/span><\/p><p class=\"MsoNormal\" style=\"text-align:justify\"><span lang=\"ES\" style=\"font-family:\n&quot;Arial&quot;,&quot;sans-serif&quot;\">\u201cNos interesan los trabajadores p\u00fablicos. Son fundamentales para el funcionamiento de todas las \u00e1reas del Estado, pero de ninguna manera vamos a comprometer recursos p\u00fablicos m\u00e1s all\u00e1 de los que tengamos. Desde el momento en que el gobierno anterior firm\u00f3 el acuerdo salarial, ya exist\u00edan condiciones macroecon\u00f3micas bastante complejas que se fueron agudizando y fueron aumentando la estrechez de fondos y de las transferencias y de la recaudaci\u00f3n propia de la provincia, lo que hace materialmente imposible cumplir con ese compromiso\u201d, expres\u00f3 Bast\u00eda.<\/span><\/p><p class=\"MsoNormal\" style=\"text-align:justify\"><span lang=\"ES\" style=\"font-family:\n&quot;Arial&quot;,&quot;sans-serif&quot;\">En declaraciones al programa \u201cEl primero de la ma\u00f1ana\u201d de LT8, el titular de la cartera pol\u00edtica del gobierno provincial agreg\u00f3 que desde el inicio de la administraci\u00f3n de Maximiliano Pullaro \u201cse dijo que se iban a mejorar los ingresos p\u00fablicos en base a la suba en la recaudaci\u00f3n, que existe actualmente aunque sea nominal porque en valores reales, todos sabemos que hay una ca\u00edda en la econom\u00eda, del PBI y de la recaudaci\u00f3n, m\u00e1s la p\u00e9rdida de recaudaci\u00f3n por la ca\u00edda de las leyes de impacto fiscal- electoral de Sergio Massa\u201d.<\/span><\/p><p class=\"MsoNormal\" style=\"text-align:justify\"><span lang=\"ES\" style=\"font-family:\n&quot;Arial&quot;,&quot;sans-serif&quot;\">\u201cAnte esa p\u00e9rdida de fondos, la responsabilidad que tenemos en el manejo del dinero de los contribuyentes es que no vamos a asumir compromisos m\u00e1s all\u00e1 de los recursos que nos ingresen. Lo p\u00fablico no es solo pagar sueldos. Es comprar m\u00f3viles para la polic\u00eda, equipar hospitales, mejorar escuelas, comprar medicamentos, arreglar rutas. En esa l\u00f3gica, es que nosotros hicimos un ofrecimiento de c\u00f3mo se deben recomponer los salarios. Ponemos los n\u00fameros a la vista de todos m\u00e1s all\u00e1 del ajuste que pretenda llevar el gobierno nacional\u201d, agreg\u00f3.<\/span><\/p><p class=\"MsoNormal\" style=\"text-align:justify\"><span lang=\"ES\" style=\"font-family:\n&quot;Arial&quot;,&quot;sans-serif&quot;\">Acerca de cu\u00e1nto impactar\u00eda en las arcas de la provincia cumplir con esa cl\u00e1usula de revisi\u00f3n, el ministro indic\u00f3: \u201cM\u00e1s de 40 mil millones de pesos, sin contar todo lo que insumi\u00f3 el aumento de la planta permanente de trabajadores, que fue de 13 mil personas en cuatro a\u00f1os\u201d. Y apunt\u00f3 a la gesti\u00f3n de Omar Perotti: \u201cLo llamativo es que la f\u00f3rmula de ajuste nunca fue usada en tres a\u00f1os y nueve meses y se us\u00f3 en los \u00faltimos tres meses de su gesti\u00f3n, a\u00fan sabiendo que ven\u00edan momentos muy complejos y que todo hac\u00eda prever que en las elecciones generales ganar\u00eda Maximiliano Pullaro\u201d.<\/span><\/p><p class=\"MsoNormal\" style=\"text-align:justify\"><span lang=\"ES\" style=\"font-family:\n&quot;Arial&quot;,&quot;sans-serif&quot;\">Al respecto, el ex ministro de Trabajo, Juan Manuel Pusineri, declar\u00f3 ayer que los fondos para pagar esa revisi\u00f3n estaban garantizados porque hab\u00eda saldos bancarios suficientes, y adem\u00e1s, que Pullaro, como legislador, vot\u00f3 los presupuestos y convalid\u00f3 lo que se hac\u00eda en las paritarias. Y Bast\u00eda retruc\u00f3: \u201cNuestro bloque, Evoluci\u00f3n (de la UCR), hizo todas las reservas cuando se vot\u00f3 el presupuesto 2023 y cuestion\u00f3 los exagerados pases a planta permanente. Pusineri puede decir que hay fondos, pero si alguien dice que la totalidad de esos fondos ser\u00e1n destinados a pagar sueldos, se equivoca\u201d.<\/span><\/p><p class=\"MsoNormal\" style=\"text-align:justify\"><span lang=\"ES\" style=\"font-family:\n&quot;Arial&quot;,&quot;sans-serif&quot;\">El ministro de Gobierno asegur\u00f3 que \u201cen 48 horas\u201d estar\u00e1 el porcentaje de aumento que ser\u00e1 propuesto ante los gremios de docentes y estatales.<\/span><\/p> <\/p>\n","protected":false},"excerpt":{"rendered":"<p>La discusi\u00f3n paritaria de los docentes y empleados estatales en la provincia de Santa Fe parece cada vez m\u00e1s complicada tras la decisi\u00f3n del gobierno de Maximiliano Pullaro de no cumplir con los compromisos de la gesti\u00f3n previa y atar los incrementos a la recaudaci\u00f3n, ya no a los \u00edndices de inflaci\u00f3n. El ministro de [&hellip;]<\/p>\n","protected":false},"author":8,"featured_media":3452,"comment_status":"closed","ping_status":"open","sticky":false,"template":"","format":"standard","meta":{"tdm_status":"","tdm_grid_status":"","footnotes":""},"categories":[14],"tags":[798,551,19,1427,1365,168],"class_list":{"0":"post-3451","1":"post","2":"type-post","3":"status-publish","4":"format-standard","5":"has-post-thumbnail","7":"category-provinciales","8":"tag-docentes","9":"tag-estatales","10":"tag-inflacion","11":"tag-oferta","12":"tag-paritaria","13":"tag-salarios"},"_links":{"self":[{"href":"https:\/\/www.noticiasmas.com.ar\/index.php\/wp-json\/wp\/v2\/posts\/3451","targetHints":{"allow":["GET"]}}],"collection":[{"href":"https:\/\/www.noticiasmas.com.ar\/index.php\/wp-json\/wp\/v2\/posts"}],"about":[{"href":"https:\/\/www.noticiasmas.com.ar\/index.php\/wp-json\/wp\/v2\/types\/post"}],"author":[{"embeddable":true,"href":"https:\/\/www.noticiasmas.com.ar\/index.php\/wp-json\/wp\/v2\/users\/8"}],"replies":[{"embeddable":true,"href":"https:\/\/www.noticiasmas.com.ar\/index.php\/wp-json\/wp\/v2\/comments?post=3451"}],"version-history":[{"count":1,"href":"https:\/\/www.noticiasmas.com.ar\/index.php\/wp-json\/wp\/v2\/posts\/3451\/revisions"}],"predecessor-version":[{"id":3453,"href":"https:\/\/www.noticiasmas.com.ar\/index.php\/wp-json\/wp\/v2\/posts\/3451\/revisions\/3453"}],"wp:featuredmedia":[{"embeddable":true,"href":"https:\/\/www.noticiasmas.com.ar\/index.php\/wp-json\/wp\/v2\/media\/3452"}],"wp:attachment":[{"href":"https:\/\/www.noticiasmas.com.ar\/index.php\/wp-json\/wp\/v2\/media?parent=3451"}],"wp:term":[{"taxonomy":"category","embeddable":true,"href":"https:\/\/www.noticiasmas.com.ar\/index.php\/wp-json\/wp\/v2\/categories?post=3451"},{"taxonomy":"post_tag","embeddable":true,"href":"https:\/\/www.noticiasmas.com.ar\/index.php\/wp-json\/wp\/v2\/tags?post=3451"}],"curies":[{"name":"wp","href":"https:\/\/api.w.org\/{rel}","templated":true}]}}