{"id":3487,"date":"2024-01-31T09:07:04","date_gmt":"2024-01-31T12:07:04","guid":{"rendered":"https:\/\/www.noticiasmas.com.ar\/?p=3487"},"modified":"2024-01-31T09:07:05","modified_gmt":"2024-01-31T12:07:05","slug":"enero-se-despide-con-algunas-nubes-y-maxima-de-35-grados","status":"publish","type":"post","link":"https:\/\/www.noticiasmas.com.ar\/index.php\/2024\/01\/31\/enero-se-despide-con-algunas-nubes-y-maxima-de-35-grados\/","title":{"rendered":"Enero se despide con algunas nubes y m\u00e1xima de 35 grados"},"content":{"rendered":"\n<p>La jornada amaneci\u00f3 nublada pero ya agobiante con una m\u00ednima de 22 grados. Nuestra regi\u00f3n sigue bajo alerta amarilla por las altas temperaturas. <\/p>\n\n\n\n<p>Este mi\u00e9rcoles nuestra regi\u00f3n amaneci\u00f3 con algunas nubes y una temperatura de 22 grados. El Servicio Meteorol\u00f3gico Nacional se\u00f1ala que seguimos bajo alerta amarilla por las altas temperaturas con una m\u00e1xima que llegar\u00e1 hoy  los 35\u00b0C. <\/p>\n\n\n\n<p>La jornada estar\u00e1 acompa\u00f1ada de humedad del 84 por ciento lo que har\u00e1n el ultimo d\u00eda de enero sofocante. <\/p>\n","protected":false},"excerpt":{"rendered":"<p>La jornada amaneci\u00f3 nublada pero ya agobiante con una m\u00ednima de 22 grados. Nuestra regi\u00f3n sigue bajo alerta amarilla por las altas temperaturas. Este mi\u00e9rcoles nuestra regi\u00f3n amaneci\u00f3 con algunas nubes y una temperatura de 22 grados. El Servicio Meteorol\u00f3gico Nacional se\u00f1ala que seguimos bajo alerta amarilla por las altas temperaturas con una m\u00e1xima que [&hellip;]<\/p>\n","protected":false},"author":3,"featured_media":3488,"comment_status":"closed","ping_status":"open","sticky":false,"template":"","format":"standard","meta":{"tdm_status":"","tdm_grid_status":"","footnotes":""},"categories":[13],"tags":[1447,178,138,89],"class_list":{"0":"post-3487","1":"post","2":"type-post","3":"status-publish","4":"format-standard","5":"has-post-thumbnail","7":"category-region","8":"tag-altas-temperaturas","9":"tag-calor","10":"tag-clima","11":"tag-verano"},"_links":{"self":[{"href":"https:\/\/www.noticiasmas.com.ar\/index.php\/wp-json\/wp\/v2\/posts\/3487","targetHints":{"allow":["GET"]}}],"collection":[{"href":"https:\/\/www.noticiasmas.com.ar\/index.php\/wp-json\/wp\/v2\/posts"}],"about":[{"href":"https:\/\/www.noticiasmas.com.ar\/index.php\/wp-json\/wp\/v2\/types\/post"}],"author":[{"embeddable":true,"href":"https:\/\/www.noticiasmas.com.ar\/index.php\/wp-json\/wp\/v2\/users\/3"}],"replies":[{"embeddable":true,"href":"https:\/\/www.noticiasmas.com.ar\/index.php\/wp-json\/wp\/v2\/comments?post=3487"}],"version-history":[{"count":1,"href":"https:\/\/www.noticiasmas.com.ar\/index.php\/wp-json\/wp\/v2\/posts\/3487\/revisions"}],"predecessor-version":[{"id":3489,"href":"https:\/\/www.noticiasmas.com.ar\/index.php\/wp-json\/wp\/v2\/posts\/3487\/revisions\/3489"}],"wp:featuredmedia":[{"embeddable":true,"href":"https:\/\/www.noticiasmas.com.ar\/index.php\/wp-json\/wp\/v2\/media\/3488"}],"wp:attachment":[{"href":"https:\/\/www.noticiasmas.com.ar\/index.php\/wp-json\/wp\/v2\/media?parent=3487"}],"wp:term":[{"taxonomy":"category","embeddable":true,"href":"https:\/\/www.noticiasmas.com.ar\/index.php\/wp-json\/wp\/v2\/categories?post=3487"},{"taxonomy":"post_tag","embeddable":true,"href":"https:\/\/www.noticiasmas.com.ar\/index.php\/wp-json\/wp\/v2\/tags?post=3487"}],"curies":[{"name":"wp","href":"https:\/\/api.w.org\/{rel}","templated":true}]}}