{"id":3525,"date":"2024-02-01T10:56:47","date_gmt":"2024-02-01T13:56:47","guid":{"rendered":"https:\/\/www.noticiasmas.com.ar\/?p=3525"},"modified":"2024-02-01T10:56:48","modified_gmt":"2024-02-01T13:56:48","slug":"san-lorenzo-conmemorara-el-211o-aniversario-del-historico-combate-con-homenajes-a-san-martin-y-sus-granaderos","status":"publish","type":"post","link":"https:\/\/www.noticiasmas.com.ar\/index.php\/2024\/02\/01\/san-lorenzo-conmemorara-el-211o-aniversario-del-historico-combate-con-homenajes-a-san-martin-y-sus-granaderos\/","title":{"rendered":"SAN LORENZO CONMEMORAR\u00c1 EL 211\u00ba ANIVERSARIO DEL HIST\u00d3RICO COMBATE CON HOMENAJES A SAN MART\u00cdN Y SUS GRANADEROS"},"content":{"rendered":"\n<p><strong>Las actividades alusivas comenzar\u00e1n el viernes 2 de febrero a las 19 h con el desfile y la presentaci\u00f3n de la Fanfarria Alto Per\u00fa en el Paseo del Pino. A la 0 hora del 3 de febrero, la misma agrupaci\u00f3n interpretar\u00e1 el Himno Nacional y la Marcha San Lorenzo en el P\u00f3rtico de la Gloria. Ese s\u00e1bado desde las 19 h, en el Campo de la Gloria, tendr\u00e1 lugar el acto central.<\/strong><\/p>\n\n\n\n<p>San Lorenzo conmemorar\u00e1 el 211\u00ba aniversario del hist\u00f3rico combate de 1813 con diferentes homenajes a San Mart\u00edn y sus granaderos, que comenzar\u00e1n el viernes 2 por la tarde y culminar\u00e1n el s\u00e1bado 3 por la noche con el acto central en el Campo de la Gloria. Todas las actividades ser\u00e1n encabezadas por el intendente Leonardo Raimundo.<\/p>\n\n\n\n<p>En primer t\u00e9rmino, el viernes desde las 19 h se presentar\u00e1 la Fanfarria Alto Per\u00fa, con un desfile por la avenida San Mart\u00edn que culminar\u00e1 en el Paseo del Pino. La agrupaci\u00f3n interpretar\u00e1 un variado repertorio, que incluir\u00e1 canciones populares y marchas nacionales.<\/p>\n\n\n\n<p>Pocas horas despu\u00e9s, a la 0, San Lorenzo recibir\u00e1 el 3 de febrero en el Campo de la Gloria, donde la Fanfarria tocar\u00e1 la Marcha San Lorenzo y el Himno Nacional.<\/p>\n\n\n\n<p>A las 9 del s\u00e1bado se realizar\u00e1n los tradicionales izamientos de la bandera en la plaza San Mart\u00edn, el Paseo del Pino y el Campo de la Gloria, adem\u00e1s del homenaje a los granaderos ca\u00eddos, que tendr\u00e1 lugar en el cementerio del Convento San Carlos.<\/p>\n\n\n\n<p>El acto central se desarrollar\u00e1 ese mismo d\u00eda desde las 19 horas en el Campo de la Gloria. La ceremonia contar\u00e1 con la recepci\u00f3n de autoridades municipales, provinciales y nacionales, el lanzamiento de paracaidistas de las fuerzas armadas, el desplazamiento de tropas y la impactante carga de caballer\u00eda de los granaderos, que recrea la avanzada contra los realistas en aquel hist\u00f3rico amanecer de 1813.<\/p>\n","protected":false},"excerpt":{"rendered":"<p>Las actividades alusivas comenzar\u00e1n el viernes 2 de febrero a las 19 h con el desfile y la presentaci\u00f3n de la Fanfarria Alto Per\u00fa en el Paseo del Pino. A la 0 hora del 3 de febrero, la misma agrupaci\u00f3n interpretar\u00e1 el Himno Nacional y la Marcha San Lorenzo en el P\u00f3rtico de la Gloria. [&hellip;]<\/p>\n","protected":false},"author":5,"featured_media":3526,"comment_status":"closed","ping_status":"open","sticky":false,"template":"","format":"standard","meta":{"tdm_status":"","tdm_grid_status":"","footnotes":""},"categories":[13],"tags":[1203,58],"class_list":{"0":"post-3525","1":"post","2":"type-post","3":"status-publish","4":"format-standard","5":"has-post-thumbnail","7":"category-region","8":"tag-combate-de-san-lorenzo","9":"tag-san-lorenzo"},"_links":{"self":[{"href":"https:\/\/www.noticiasmas.com.ar\/index.php\/wp-json\/wp\/v2\/posts\/3525","targetHints":{"allow":["GET"]}}],"collection":[{"href":"https:\/\/www.noticiasmas.com.ar\/index.php\/wp-json\/wp\/v2\/posts"}],"about":[{"href":"https:\/\/www.noticiasmas.com.ar\/index.php\/wp-json\/wp\/v2\/types\/post"}],"author":[{"embeddable":true,"href":"https:\/\/www.noticiasmas.com.ar\/index.php\/wp-json\/wp\/v2\/users\/5"}],"replies":[{"embeddable":true,"href":"https:\/\/www.noticiasmas.com.ar\/index.php\/wp-json\/wp\/v2\/comments?post=3525"}],"version-history":[{"count":1,"href":"https:\/\/www.noticiasmas.com.ar\/index.php\/wp-json\/wp\/v2\/posts\/3525\/revisions"}],"predecessor-version":[{"id":3527,"href":"https:\/\/www.noticiasmas.com.ar\/index.php\/wp-json\/wp\/v2\/posts\/3525\/revisions\/3527"}],"wp:featuredmedia":[{"embeddable":true,"href":"https:\/\/www.noticiasmas.com.ar\/index.php\/wp-json\/wp\/v2\/media\/3526"}],"wp:attachment":[{"href":"https:\/\/www.noticiasmas.com.ar\/index.php\/wp-json\/wp\/v2\/media?parent=3525"}],"wp:term":[{"taxonomy":"category","embeddable":true,"href":"https:\/\/www.noticiasmas.com.ar\/index.php\/wp-json\/wp\/v2\/categories?post=3525"},{"taxonomy":"post_tag","embeddable":true,"href":"https:\/\/www.noticiasmas.com.ar\/index.php\/wp-json\/wp\/v2\/tags?post=3525"}],"curies":[{"name":"wp","href":"https:\/\/api.w.org\/{rel}","templated":true}]}}