{"id":3557,"date":"2024-02-01T17:35:45","date_gmt":"2024-02-01T20:35:45","guid":{"rendered":"https:\/\/www.noticiasmas.com.ar\/?p=3557"},"modified":"2024-02-01T17:35:46","modified_gmt":"2024-02-01T20:35:46","slug":"los-docentes-advierten-que-no-comenzaran-las-clases-si-la-provincia-no-paga-el-total-de-la-paritaria-2023","status":"publish","type":"post","link":"https:\/\/www.noticiasmas.com.ar\/index.php\/2024\/02\/01\/los-docentes-advierten-que-no-comenzaran-las-clases-si-la-provincia-no-paga-el-total-de-la-paritaria-2023\/","title":{"rendered":"Los docentes advierten que no comenzar\u00e1n las clases si la provincia no paga el total de la paritaria 2023"},"content":{"rendered":"\n<p> <p class=\"MsoNormal\" style=\"text-align:justify\"><span lang=\"ES\" style=\"font-family:\n&quot;Arial&quot;,&quot;sans-serif&quot;\">Los gremios docentes de Santa Fe presentaron este jueves en el Ministerio de Trabajo un pedido para exigir que el gobierno provincial pague la totalidad de la recomposici\u00f3n salarial pactada en la paritaria 2023, un d\u00eda despu\u00e9s del anuncio del gobierno que otorgar\u00e1 en enero un aumento de solo 14%, frente a los 36,4% que determina la cl\u00e1usula gatillo. Adem\u00e1s, aclararon que de no cumplirse, no iniciar\u00e1n las clases el 26 de febrero como estaba previsto. Es la primera vez que un gobierno de Santa Fe se reh\u00fasa a cumplir con un acuerdo paritario.<\/span><\/p><p class=\"MsoNormal\" style=\"text-align:justify\"><span lang=\"ES\" style=\"font-family:\n&quot;Arial&quot;,&quot;sans-serif&quot;\">Rodrigo Alonso, secretario general de Amsaf\u00e9, declar\u00f3: \u201cEsto demuestra que el gobierno est\u00e1 incumpliendo la paritaria. Y la est\u00e1 incumpliendo porque establece claramente que con los salarios del mes de enero deb\u00edan hacer frente a esta diferencia salarial, que es del 36,4%, no del 14%\u201d.<\/span><\/p><p class=\"MsoNormal\" style=\"text-align:justify\"><span lang=\"ES\" style=\"font-family:\n&quot;Arial&quot;,&quot;sans-serif&quot;\">Y se quej\u00f3: \u201cEl gobierno est\u00e1 proponiendo percibir 50.000 pesos de aumento cuando en verdad una maestra que reci\u00e9n se inicia deb\u00eda estar percibiendo 110.000 pesos m\u00e1s y un compa\u00f1ero que estaba finalizando su carrera, m\u00e1s de 150.000\u201d.<\/span><\/p><p class=\"MsoNormal\" style=\"text-align:justify\"><span lang=\"ES\" style=\"font-family:\n&quot;Arial&quot;,&quot;sans-serif&quot;\">\u201cVenimos a denunciar por incumplimiento del acta paritaria y se lo venimos a exigir al Ministerio de Trabajo, que es el \u00f3rgano en donde debe, no solamente mediar, sino hacer cumplir las actas paritarias para que efectivamente el gobierno de la provincia inmediatamente cumpla con el acta paritaria y abone lo que debe abonar\u201d, detall\u00f3 sobre el pedido que realizaron.<\/span><\/p><p class=\"MsoNormal\" style=\"text-align:justify\"><span lang=\"ES\" style=\"font-family:\n&quot;Arial&quot;,&quot;sans-serif&quot;\">Respecto del comienzo de clases, se\u00f1al\u00f3 que tienen \u201cla voluntad pol\u00edtica\u201d de que el 26 de febrero puedan comenzar, pero depender\u00e1 de la \u201cvoluntad pol\u00edtica del gobierno\u201d. En ese sentido, detall\u00f3 lo que esperan que ocurra para no comenzar con los paros: \u201cMa\u00f1ana (por este viernes) en este mismo lugar nos tienen que comunicar que van a abonar completamente la deuda que tienen con los docentes, que van a empezar las discusiones sobre la pol\u00edtica salarial 2024 y que va a haber una propuesta que, adem\u00e1s, incluye mejoras en las condiciones de trabajo\u201d.<\/span><\/p><p class=\"MsoNormal\" style=\"text-align:justify\"><span lang=\"ES\" style=\"font-family:\n&quot;Arial&quot;,&quot;sans-serif&quot;\">Y analiz\u00f3: \u201cDe esta manera, vamos a empezar a transitar un camino que nos llevar\u00e1 al 26 de febrero. Si esto no sucede, est\u00e1 claro que al camino el gobierno lo est\u00e1 dinamitando\u201d. Ante la pregunta de la prensa, Alonso descart\u00f3 que se suspenda la reuni\u00f3n paritaria pactada para este viernes a las 10.<\/span><\/p> <\/p>\n","protected":false},"excerpt":{"rendered":"<p>Los gremios docentes de Santa Fe presentaron este jueves en el Ministerio de Trabajo un pedido para exigir que el gobierno provincial pague la totalidad de la recomposici\u00f3n salarial pactada en la paritaria 2023, un d\u00eda despu\u00e9s del anuncio del gobierno que otorgar\u00e1 en enero un aumento de solo 14%, frente a los 36,4% que [&hellip;]<\/p>\n","protected":false},"author":8,"featured_media":3575,"comment_status":"closed","ping_status":"open","sticky":false,"template":"","format":"standard","meta":{"tdm_status":"","tdm_grid_status":"","footnotes":""},"categories":[14],"tags":[463,798,149,822,691],"class_list":{"0":"post-3557","1":"post","2":"type-post","3":"status-publish","4":"format-standard","5":"has-post-thumbnail","7":"category-provinciales","8":"tag-deuda","9":"tag-docentes","10":"tag-educacion","11":"tag-paritarias","12":"tag-paro"},"_links":{"self":[{"href":"https:\/\/www.noticiasmas.com.ar\/index.php\/wp-json\/wp\/v2\/posts\/3557","targetHints":{"allow":["GET"]}}],"collection":[{"href":"https:\/\/www.noticiasmas.com.ar\/index.php\/wp-json\/wp\/v2\/posts"}],"about":[{"href":"https:\/\/www.noticiasmas.com.ar\/index.php\/wp-json\/wp\/v2\/types\/post"}],"author":[{"embeddable":true,"href":"https:\/\/www.noticiasmas.com.ar\/index.php\/wp-json\/wp\/v2\/users\/8"}],"replies":[{"embeddable":true,"href":"https:\/\/www.noticiasmas.com.ar\/index.php\/wp-json\/wp\/v2\/comments?post=3557"}],"version-history":[{"count":1,"href":"https:\/\/www.noticiasmas.com.ar\/index.php\/wp-json\/wp\/v2\/posts\/3557\/revisions"}],"predecessor-version":[{"id":3576,"href":"https:\/\/www.noticiasmas.com.ar\/index.php\/wp-json\/wp\/v2\/posts\/3557\/revisions\/3576"}],"wp:featuredmedia":[{"embeddable":true,"href":"https:\/\/www.noticiasmas.com.ar\/index.php\/wp-json\/wp\/v2\/media\/3575"}],"wp:attachment":[{"href":"https:\/\/www.noticiasmas.com.ar\/index.php\/wp-json\/wp\/v2\/media?parent=3557"}],"wp:term":[{"taxonomy":"category","embeddable":true,"href":"https:\/\/www.noticiasmas.com.ar\/index.php\/wp-json\/wp\/v2\/categories?post=3557"},{"taxonomy":"post_tag","embeddable":true,"href":"https:\/\/www.noticiasmas.com.ar\/index.php\/wp-json\/wp\/v2\/tags?post=3557"}],"curies":[{"name":"wp","href":"https:\/\/api.w.org\/{rel}","templated":true}]}}