{"id":3634,"date":"2024-02-04T12:19:22","date_gmt":"2024-02-04T15:19:22","guid":{"rendered":"https:\/\/www.noticiasmas.com.ar\/?p=3634"},"modified":"2024-02-04T12:19:24","modified_gmt":"2024-02-04T15:19:24","slug":"con-emocion-patriotica-san-lorenzo-conmemoro-el-211-aniversario-del-historico-combate-de-san-martin-y-sus-granaderos","status":"publish","type":"post","link":"https:\/\/www.noticiasmas.com.ar\/index.php\/2024\/02\/04\/con-emocion-patriotica-san-lorenzo-conmemoro-el-211-aniversario-del-historico-combate-de-san-martin-y-sus-granaderos\/","title":{"rendered":"Con emoci\u00f3n patri\u00f3tica, San Lorenzo conmemor\u00f3 el 211\u00b0 aniversario del hist\u00f3rico combate de San Mart\u00edn y sus granaderos"},"content":{"rendered":"\n<p>El acto central, desarrollado en el Campo de la Gloria, fue encabezado por el intendente Leonardo Raimundo, el gobernador Maximiliano Pullaro y la vicepresidenta Victoria Villarruel. La ceremonia cont\u00f3 con lanzamiento de paracaidistas, un desfile c\u00edvico militar y la imponente carga de caballer\u00eda.<\/p>\n\n\n\n<p>Con el acto oficial desarrollado este s\u00e1bado por la tarde en el Campo de la Gloria, San Lorenzo conmemor\u00f3 el 211\u00b0 aniversario del combate del 3 de febrero de 1813, \u00fanico enfrentamiento militar de San Mart\u00edn en suelo patrio y bautismo de fuego del Regimiento de Granaderos a Caballo. La ceremonia fue encabezada por el intendente Leonardo Raimundo, el gobernador Maximiliano Pullaro y la vicepresidenta Victoria Villarruel.<\/p>\n\n\n\n<p>Antes del inicio del acto, las autoridades firmaron el libro de visitas, se entregaron decretos de honor y se colocaron coronas de laureles al pie de la llama votiva del P\u00f3rtico de la Gloria, para honrar la memoria de los hombres que lucharon por la independencia nacional. Mientras el p\u00fablico llegaba al Campo de la Gloria, la banda sinf\u00f3nica municipal \u201cOrlando Scalona\u201d toc\u00f3 un repertorio de marchas militares.<\/p>\n\n\n\n<p>Ya iniciado la ceremonia, se efectu\u00f3 el lanzamiento de paracaidistas del Equipo Militar de Paracaidismo del Ej\u00e9rcito Argentino, seguido con atenci\u00f3n por las miles de personas que se congregaron en el campo de batalla.<\/p>\n\n\n\n<p>Tras la presentaci\u00f3n de las diferentes agrupaciones del Ej\u00e9rcito y del saludo a las autoridades, se entonaron las estrofas del Himno Nacional, interpretado por el bar\u00edtono Adri\u00e1n Katzaroff, ejecutado por la Fanfarria Alto Per\u00fa y acompa\u00f1ado por el coro de se\u00f1as Manos Libres.<\/p>\n\n\n\n<p>A continuaci\u00f3n se produjo el ingreso de la r\u00e9plica del sable corvo de San Mart\u00edn, el p\u00e1rroco Fernando Pereyra efectu\u00f3 una invocaci\u00f3n religiosa y se leyeron los nombres de los ca\u00eddos en el combate.<\/p>\n\n\n\n<p>Los granaderos realizaron un homenaje al sargento Cabral, que salv\u00f3 la vida de San Mart\u00edn, entreg\u00f3 la suya y as\u00ed abri\u00f3 el camino a la liberaci\u00f3n de medio continente. Inmediatamente despu\u00e9s se realiz\u00f3 un minuto de silencio, que abri\u00f3 paso a los discursos oficiales<\/p>\n\n\n\n<p>El intendente Leonardo Raimundo abri\u00f3 su alocuci\u00f3n con un reconocimiento a los h\u00e9roes de Malvinas y luego expres\u00f3: \u201cHace 211 a\u00f1os nuestro Padre de la Patria y 150 bravos granaderos en este Campo de la Gloria ofrendaron su sangre para iniciar la gesta emancipadora con el fin de lograr un pa\u00eds y un continente consagrados al principio de que todas las personas son iguales y tienen los mismos derechos para vivir en libertad\u201d.<\/p>\n\n\n\n<p>En el mismo sentido, el mandatario agreg\u00f3: \u201cNuestra presencia aqu\u00ed, lo que digamos en los discursos, las ofrendas que hagamos a estos valientes, poco puede agregar a la honra y virtud de quienes dejaron familia y hogar y santificaron este terreno de batalla con la mayor muestra de devoci\u00f3n. Porque nuestras palabras desaparecer\u00e1n, pero lo que ellos hicieron en este lugar permanecer\u00e1\u201d.<\/p>\n\n\n\n<p>Luego llam\u00f3 a \u201ccompletar la labor inconclusa a la que tanto impulso dieron quienes aqu\u00ed lucharon y aqu\u00ed descansan\u201d a \u201ccada hombre y mujer de nuestro pa\u00eds que, con mayor o menor grado de responsabilidad, sigue escribiendo la historia\u201d.<\/p>\n\n\n\n<figure class=\"wp-block-image size-large\"><img loading=\"lazy\" decoding=\"async\" width=\"1024\" height=\"682\" src=\"https:\/\/www.noticiasmas.com.ar\/wp-content\/uploads\/2024\/02\/WhatsApp-Image-2024-02-04-at-09.46.24-2-1024x682.jpeg\" alt=\"\" class=\"wp-image-3636\" srcset=\"https:\/\/www.noticiasmas.com.ar\/wp-content\/uploads\/2024\/02\/WhatsApp-Image-2024-02-04-at-09.46.24-2-1024x682.jpeg 1024w, https:\/\/www.noticiasmas.com.ar\/wp-content\/uploads\/2024\/02\/WhatsApp-Image-2024-02-04-at-09.46.24-2-300x200.jpeg 300w, https:\/\/www.noticiasmas.com.ar\/wp-content\/uploads\/2024\/02\/WhatsApp-Image-2024-02-04-at-09.46.24-2-768x512.jpeg 768w, https:\/\/www.noticiasmas.com.ar\/wp-content\/uploads\/2024\/02\/WhatsApp-Image-2024-02-04-at-09.46.24-2-1536x1023.jpeg 1536w, https:\/\/www.noticiasmas.com.ar\/wp-content\/uploads\/2024\/02\/WhatsApp-Image-2024-02-04-at-09.46.24-2-150x100.jpeg 150w, https:\/\/www.noticiasmas.com.ar\/wp-content\/uploads\/2024\/02\/WhatsApp-Image-2024-02-04-at-09.46.24-2-696x464.jpeg 696w, https:\/\/www.noticiasmas.com.ar\/wp-content\/uploads\/2024\/02\/WhatsApp-Image-2024-02-04-at-09.46.24-2-1068x712.jpeg 1068w, https:\/\/www.noticiasmas.com.ar\/wp-content\/uploads\/2024\/02\/WhatsApp-Image-2024-02-04-at-09.46.24-2.jpeg 1600w\" sizes=\"auto, (max-width: 1024px) 100vw, 1024px\" \/><\/figure>\n\n\n\n<p>\u201cDeterminemos firmemente que esos compatriotas no dieron su vida en vano y hagamos expl\u00edcito al mundo que el sacrificio de esos hombres del pasado y el sue\u00f1o argentino de ser un gran pa\u00eds siguen vivos en su plenitud y totalidad. Y que de ese modo esta Naci\u00f3n, Dios mediante, cumpla su destino trascendente de ser faro de trabajo, paz y libertad. Y sea ejemplo perenne y perdurable entre los pueblos de la tierra\u201d, concluy\u00f3.<\/p>\n\n\n\n<p>Por su parte, el gobernador Pullaro salud\u00f3 al intendente Raimundo y agradeci\u00f3 la presencia de la vicepresidenta de la Naci\u00f3n. \u201cEs un honor para m\u00ed venir aqu\u00ed a la conmemoraci\u00f3n del aniversario del Combate de San Lorenzo como gobernador de la provincia invencible de Santa Fe\u201d, introdujo.<\/p>\n\n\n\n<p>\u201cVenimos a honrar este combate que tiene que ver con la identidad de la Rep\u00fablica y la identidad y los valores de la provincia de Santa Fe. Esta gesta nos inspira a reflexionar sobre nuestro presente y sobre el futuro de la provincia y la Rep\u00fablica\u201d, a\u00f1adi\u00f3.<\/p>\n\n\n\n<p>Luego se\u00f1al\u00f3 que a San Mart\u00edn lo inspiraba la misi\u00f3n de que el argentino fuera un pueblo libre. \u201cEse valor nos tiene que interpelar a nosotros tambi\u00e9n. Hoy la libertad es tener justicia, es tener educaci\u00f3n, es tener salud, es saber que un padre de familia termina el d\u00eda sabiendo que tiene el pan para sus hijos en su casa\u201d.<\/p>\n\n\n\n<p>\u201cEste punto en la historia nos tiene que inspirar a construir la Naci\u00f3n m\u00e1s grande del mundo, que es la Naci\u00f3n Argentina. Que Dios bendiga a todos los vecinos de San Lorenzo y a todos los ciudadanos de la invencible provincia de Santa Fe\u201d, concluy\u00f3.<\/p>\n\n\n\n<p>Luego de la palabra del jefe de la Casa Gris, se produjo el retiro del sable corvo, el arr\u00edo del pabell\u00f3n nacional, y los presentes entonaron a viva voz la Marcha San Lorenzo, que interpret\u00f3 el cantautor Franco Yelpo.<\/p>\n\n\n\n<p>Ya en el ep\u00edlogo del acto se desarroll\u00f3 el tradicional desfile c\u00edvico \u2013 militar, que cont\u00f3 con la participaci\u00f3n &nbsp;de centros tradicionalistas de la regi\u00f3n, granaderos, y fuerzas militares, policiales, de Prefectura y Gendarmer\u00eda Nacional.<\/p>\n\n\n\n<p>Con la carga de caballer\u00eda lleg\u00f3 el momento m\u00e1s esperado de la ceremonia, en el que el regimiento de Granaderos a Caballo surc\u00f3 raudamente el Campo de la Gloria recreando as\u00ed la avanzada de los hombres de San Mart\u00edn sobre la tropa realista.<\/p>\n\n\n\n<p>En el ep\u00edlogo del acto, el jefe del escuadr\u00f3n de granaderos, capit\u00e1n C\u00e9sar Augusto Castellito Heredia, pronunci\u00f3 el parte del Combate, enviado por el general San Mart\u00edn al gobierno de Buenos Aires.&nbsp;<\/p>\n\n\n\n<p>Adem\u00e1s del intendente, el gobernador y la vicepresidenta, estuvieron presentes la vicegobernadora Gisela Scaglia; el presidente de la Corte Suprema de la Provincia, Rafael Guti\u00e9rrez; ministros provinciales, secretarios municipales, concejales, autoridades militares y policiales, ex combatientes de Malvinas, comunidades escolares, representantes de instituciones y medios de prensa.<\/p>\n\n\n\n<figure class=\"wp-block-image size-full\"><img loading=\"lazy\" decoding=\"async\" width=\"1024\" height=\"683\" src=\"https:\/\/www.noticiasmas.com.ar\/wp-content\/uploads\/2024\/02\/acto-211-combate-san-lorenzo1.jpeg\" alt=\"\" class=\"wp-image-3638\" srcset=\"https:\/\/www.noticiasmas.com.ar\/wp-content\/uploads\/2024\/02\/acto-211-combate-san-lorenzo1.jpeg 1024w, https:\/\/www.noticiasmas.com.ar\/wp-content\/uploads\/2024\/02\/acto-211-combate-san-lorenzo1-300x200.jpeg 300w, https:\/\/www.noticiasmas.com.ar\/wp-content\/uploads\/2024\/02\/acto-211-combate-san-lorenzo1-768x512.jpeg 768w, https:\/\/www.noticiasmas.com.ar\/wp-content\/uploads\/2024\/02\/acto-211-combate-san-lorenzo1-150x100.jpeg 150w, https:\/\/www.noticiasmas.com.ar\/wp-content\/uploads\/2024\/02\/acto-211-combate-san-lorenzo1-696x464.jpeg 696w\" sizes=\"auto, (max-width: 1024px) 100vw, 1024px\" \/><\/figure>\n\n\n\n<p><strong>M\u00e1s actividades<\/strong><\/p>\n\n\n\n<p>Las actividades conmemorativas del Combate de San Lorenzo comenzaron el viernes 2 por la noche, con la presentaci\u00f3n de la Fanfarria Alto Per\u00fa en el Paseo del Pino, tras su desfile por la avenida San Mart\u00edn desde calle Moreno. Ante la presencia del intendente Leonardo Raimundo; el ministro de Defensa, Luis Petri, funcionarios locales y cientos de vecinos de la regi\u00f3n, la banda militar interpret\u00f3 un repertorio de marchas nacionales y canciones populares.<\/p>\n\n\n\n<p>Luego, las autoridades se trasladaron al predio del Parador Tur\u00edstico, donde se desarrolla el Festival Folcl\u00f3rico \u00abSan Lorenzo, un canto a la libertad\u00bb. A la 0 el punto de reuni\u00f3n fue el P\u00f3rtico de la Gloria, espacio en el que la Fanfarria ejecut\u00f3 el Himno Nacional y la Marcha San Lorenzo para dar la bienvenida a un nuevo aniversario de la gesta de San Mart\u00edn, granaderos y voluntarios de San Lorenzo.<\/p>\n\n\n\n<p>El s\u00e1bado por la ma\u00f1ana se realizaron una serie de izamientos en la plaza San Mart\u00edn, el Pino Hist\u00f3rico y el P\u00f3rtico de la Gloria, con la participaci\u00f3n de Raimundo y Petri. Adem\u00e1s se depositaron coronas de flores en el cementerio del Convento San Carlos y se descubri\u00f3 un impactante retrato digital del Sargento Cabral, realizado por el artista Ramiro Ghigliazza a partir de un trabajo de investigaci\u00f3n de los historiadores Julio Romay, Mat\u00edas Gonz\u00e1lez y la Comisi\u00f3n de Afrodescendientes de la Asociaci\u00f3n del Personal Legislativo del Congreso Nacional, que don\u00f3 la obra al Regimiento de Granaderos a Caballo.<\/p>\n","protected":false},"excerpt":{"rendered":"<p>El acto central, desarrollado en el Campo de la Gloria, fue encabezado por el intendente Leonardo Raimundo, el gobernador Maximiliano Pullaro y la vicepresidenta Victoria Villarruel. La ceremonia cont\u00f3 con lanzamiento de paracaidistas, un desfile c\u00edvico militar y la imponente carga de caballer\u00eda. Con el acto oficial desarrollado este s\u00e1bado por la tarde en el [&hellip;]<\/p>\n","protected":false},"author":3,"featured_media":3635,"comment_status":"closed","ping_status":"open","sticky":false,"template":"","format":"standard","meta":{"tdm_status":"","tdm_grid_status":"","footnotes":""},"categories":[13],"tags":[1503,1203,424,58],"class_list":{"0":"post-3634","1":"post","2":"type-post","3":"status-publish","4":"format-standard","5":"has-post-thumbnail","7":"category-region","8":"tag-211-aniversario","9":"tag-combate-de-san-lorenzo","10":"tag-leonardo-raimundo","11":"tag-san-lorenzo"},"_links":{"self":[{"href":"https:\/\/www.noticiasmas.com.ar\/index.php\/wp-json\/wp\/v2\/posts\/3634","targetHints":{"allow":["GET"]}}],"collection":[{"href":"https:\/\/www.noticiasmas.com.ar\/index.php\/wp-json\/wp\/v2\/posts"}],"about":[{"href":"https:\/\/www.noticiasmas.com.ar\/index.php\/wp-json\/wp\/v2\/types\/post"}],"author":[{"embeddable":true,"href":"https:\/\/www.noticiasmas.com.ar\/index.php\/wp-json\/wp\/v2\/users\/3"}],"replies":[{"embeddable":true,"href":"https:\/\/www.noticiasmas.com.ar\/index.php\/wp-json\/wp\/v2\/comments?post=3634"}],"version-history":[{"count":2,"href":"https:\/\/www.noticiasmas.com.ar\/index.php\/wp-json\/wp\/v2\/posts\/3634\/revisions"}],"predecessor-version":[{"id":3639,"href":"https:\/\/www.noticiasmas.com.ar\/index.php\/wp-json\/wp\/v2\/posts\/3634\/revisions\/3639"}],"wp:featuredmedia":[{"embeddable":true,"href":"https:\/\/www.noticiasmas.com.ar\/index.php\/wp-json\/wp\/v2\/media\/3635"}],"wp:attachment":[{"href":"https:\/\/www.noticiasmas.com.ar\/index.php\/wp-json\/wp\/v2\/media?parent=3634"}],"wp:term":[{"taxonomy":"category","embeddable":true,"href":"https:\/\/www.noticiasmas.com.ar\/index.php\/wp-json\/wp\/v2\/categories?post=3634"},{"taxonomy":"post_tag","embeddable":true,"href":"https:\/\/www.noticiasmas.com.ar\/index.php\/wp-json\/wp\/v2\/tags?post=3634"}],"curies":[{"name":"wp","href":"https:\/\/api.w.org\/{rel}","templated":true}]}}