{"id":3686,"date":"2024-02-06T10:01:53","date_gmt":"2024-02-06T13:01:53","guid":{"rendered":"https:\/\/www.noticiasmas.com.ar\/?p=3686"},"modified":"2024-02-06T10:01:54","modified_gmt":"2024-02-06T13:01:54","slug":"mas-de-500-artistas-locales-lucieron-su-talento-en-la-25a-edicion-del-festival-folclorico-un-canto-a-la-libertad","status":"publish","type":"post","link":"https:\/\/www.noticiasmas.com.ar\/index.php\/2024\/02\/06\/mas-de-500-artistas-locales-lucieron-su-talento-en-la-25a-edicion-del-festival-folclorico-un-canto-a-la-libertad\/","title":{"rendered":"M\u00c1S DE 500 ARTISTAS LOCALES LUCIERON SU TALENTO EN LA 25\u00aa EDICI\u00d3N DEL FESTIVAL FOLCL\u00d3RICO &#8220;UN CANTO A LA LIBERTAD&#8221;"},"content":{"rendered":"\n<p><strong>Con tres noches a pleno, el evento cumbre de la m\u00fasica regional fue una gran vidriera para solistas, bandas y academias de bailes de la regi\u00f3n. Se desplegaron foodtrucks con m\u00faltiples alternativas para comer y beber, y una feria de emprendedores con productos de diversos rubros sobre avenida Del Combate.<\/strong><\/p>\n\n\n\n<p>M\u00e1s de 500 artistas, entre solistas, bandas y academias de baile, lucieron su arte en la 25\u00aa edici\u00f3n del festival folcl\u00f3rico \u201cUn canto a la libertad\u201d, que se desarroll\u00f3 el viernes, s\u00e1bado y domingo pasados en el predio del Parador Tur\u00edstico, organizado por la Municipalidad de San Lorenzo. El evento cumbre de la m\u00fasica regional, desarrollado con entrada libre y gratuita, cont\u00f3 con una gran concurrencia de p\u00fablico durante las tres noches y se constituy\u00f3 as\u00ed en una gran vidriera para los folcloristas de la regi\u00f3n.<\/p>\n\n\n\n<p>La primera noche se presentaron el Parlamento de la Tercera Edad, D\u00fao Leguizam\u00f3n, Mi Barrio Baila, Hannah Cristal, Silvina Vivas, Pele Medina, Impulsa, Renacer, Carlos Leguizam\u00f3n, Rodrigo Quinteros, Julio y Susana V\u00e1zquez, Achalay, Estudio de Arte Argentino, y Patricia Ver\u00f3n y los Yaganes.<\/p>\n\n\n\n<p>El s\u00e1bado se subieron al escenario del Parador la Compa\u00f1\u00eda de Danzas Folkl\u00f3ricas Caminantes, Proyecto Tango, Mart\u00edn Febre, Juli Chioli, Dami\u00e1n Albeti, Warmis Compa\u00f1\u00eda Femenina, Ballet Miriam D\u00f3cola, Los Pe\u00f1eros, Iv\u00e1n Lips, Trashumantes, Litoralmente y, por \u00faltimo, el D\u00fao \u00d1apind\u00e1.<\/p>\n\n\n\n<figure class=\"wp-block-image size-large\"><img loading=\"lazy\" decoding=\"async\" width=\"1024\" height=\"683\" src=\"https:\/\/www.noticiasmas.com.ar\/wp-content\/uploads\/2024\/02\/festival-raimundo-1024x683.jpg\" alt=\"\" class=\"wp-image-3687\" srcset=\"https:\/\/www.noticiasmas.com.ar\/wp-content\/uploads\/2024\/02\/festival-raimundo-1024x683.jpg 1024w, https:\/\/www.noticiasmas.com.ar\/wp-content\/uploads\/2024\/02\/festival-raimundo-300x200.jpg 300w, https:\/\/www.noticiasmas.com.ar\/wp-content\/uploads\/2024\/02\/festival-raimundo-768x512.jpg 768w, https:\/\/www.noticiasmas.com.ar\/wp-content\/uploads\/2024\/02\/festival-raimundo-150x100.jpg 150w, https:\/\/www.noticiasmas.com.ar\/wp-content\/uploads\/2024\/02\/festival-raimundo-696x464.jpg 696w, https:\/\/www.noticiasmas.com.ar\/wp-content\/uploads\/2024\/02\/festival-raimundo-1068x712.jpg 1068w, https:\/\/www.noticiasmas.com.ar\/wp-content\/uploads\/2024\/02\/festival-raimundo.jpg 1230w\" sizes=\"auto, (max-width: 1024px) 100vw, 1024px\" \/><\/figure>\n\n\n\n<p>En la tercera luna de \u201cUn canto a la libertad\u201d actuaron Bombos Sanmartinianos, Maril\u00e9n Mart\u00ednez, Ana Ibaldi, Danza Luna Nativa, Roc\u00edo Saldivia, Cosechando Amigos, Iv\u00e1n Melo, Marcelo Palacios, Estilo, Aldo Saravia, Sentir de mi Tierra, Nueva Trova. El cierre del festival corri\u00f3 por cuenta de Guido Cerri.<\/p>\n\n\n\n<p>Adem\u00e1s se desplegaron foodtrucks con m\u00faltiples alternativas para comer y beber, un patio de comidas y, sobre Avenida del Combate, una feria de emprendedores con productos de diversos rubros. Tambi\u00e9n hubo un espacio para el baile, que los vecinos aprovecharon con creces haciendo su propio show debajo del escenario.<\/p>\n\n\n\n<p>En el predio funcion\u00f3 un stand de Juventudes, desde el cual personal de la Coordinaci\u00f3n brindar\u00e1 asesoramiento sobre Boleto Educativo y confecci\u00f3n del primer Curr\u00edculum Vitae. Asimismo, se proporcion\u00f3 informaci\u00f3n sobre la agenda de actividades y los programas que lleva adelante el \u00e1rea.<\/p>\n\n\n\n<p>A cargo de la conducci\u00f3n estuvieron Alicia Gallo, Anto Rozas y Nito Palacios, hist\u00f3rico conductor del festival, que recibi\u00f3 un reconocimiento a su trayectoria art\u00edstica y musical por parte del intendente Leonardo Raimundo. Tambi\u00e9n fueron galardonados el D\u00fao \u00d1apind\u00e1, Diego Lahoz, Norma Alonso y Patricia Ver\u00f3n.<\/p>\n","protected":false},"excerpt":{"rendered":"<p>Con tres noches a pleno, el evento cumbre de la m\u00fasica regional fue una gran vidriera para solistas, bandas y academias de bailes de la regi\u00f3n. Se desplegaron foodtrucks con m\u00faltiples alternativas para comer y beber, y una feria de emprendedores con productos de diversos rubros sobre avenida Del Combate. M\u00e1s de 500 artistas, entre [&hellip;]<\/p>\n","protected":false},"author":5,"featured_media":3688,"comment_status":"closed","ping_status":"open","sticky":false,"template":"","format":"standard","meta":{"tdm_status":"","tdm_grid_status":"","footnotes":""},"categories":[13],"tags":[1403,58],"class_list":{"0":"post-3686","1":"post","2":"type-post","3":"status-publish","4":"format-standard","5":"has-post-thumbnail","7":"category-region","8":"tag-festival-un-canto-a-la-libertad","9":"tag-san-lorenzo"},"_links":{"self":[{"href":"https:\/\/www.noticiasmas.com.ar\/index.php\/wp-json\/wp\/v2\/posts\/3686","targetHints":{"allow":["GET"]}}],"collection":[{"href":"https:\/\/www.noticiasmas.com.ar\/index.php\/wp-json\/wp\/v2\/posts"}],"about":[{"href":"https:\/\/www.noticiasmas.com.ar\/index.php\/wp-json\/wp\/v2\/types\/post"}],"author":[{"embeddable":true,"href":"https:\/\/www.noticiasmas.com.ar\/index.php\/wp-json\/wp\/v2\/users\/5"}],"replies":[{"embeddable":true,"href":"https:\/\/www.noticiasmas.com.ar\/index.php\/wp-json\/wp\/v2\/comments?post=3686"}],"version-history":[{"count":1,"href":"https:\/\/www.noticiasmas.com.ar\/index.php\/wp-json\/wp\/v2\/posts\/3686\/revisions"}],"predecessor-version":[{"id":3689,"href":"https:\/\/www.noticiasmas.com.ar\/index.php\/wp-json\/wp\/v2\/posts\/3686\/revisions\/3689"}],"wp:featuredmedia":[{"embeddable":true,"href":"https:\/\/www.noticiasmas.com.ar\/index.php\/wp-json\/wp\/v2\/media\/3688"}],"wp:attachment":[{"href":"https:\/\/www.noticiasmas.com.ar\/index.php\/wp-json\/wp\/v2\/media?parent=3686"}],"wp:term":[{"taxonomy":"category","embeddable":true,"href":"https:\/\/www.noticiasmas.com.ar\/index.php\/wp-json\/wp\/v2\/categories?post=3686"},{"taxonomy":"post_tag","embeddable":true,"href":"https:\/\/www.noticiasmas.com.ar\/index.php\/wp-json\/wp\/v2\/tags?post=3686"}],"curies":[{"name":"wp","href":"https:\/\/api.w.org\/{rel}","templated":true}]}}