{"id":3742,"date":"2024-02-07T08:57:01","date_gmt":"2024-02-07T11:57:01","guid":{"rendered":"https:\/\/www.noticiasmas.com.ar\/?p=3742"},"modified":"2024-02-07T08:57:02","modified_gmt":"2024-02-07T11:57:02","slug":"mitad-de-semana-y-la-region-sigue-siendo-un-horno","status":"publish","type":"post","link":"https:\/\/www.noticiasmas.com.ar\/index.php\/2024\/02\/07\/mitad-de-semana-y-la-region-sigue-siendo-un-horno\/","title":{"rendered":"Mitad de semana y la regi\u00f3n sigue siendo un horno"},"content":{"rendered":"\n<p>Con 36 grados de m\u00e1xima nuestra regi\u00f3n contin\u00faa bajo alerta roja. El SMN indica que estas condiciones seguir\u00e1n durante el resto de la semana. <\/p>\n\n\n\n<p>El\u00a0Servicio Meteorol\u00f3gico Nacional\u00a0(SMN) pronostica para\u00a0este mi\u00e9rcoles en nuestra regi\u00f3n otra jornada de\u00a0<strong>intenso calor<\/strong>, con\u00a0<strong>alerta roja y sin probabilidad de lluvias<\/strong>.<\/p>\n\n\n\n<p>Se prev\u00e9 una temperatura m\u00e1xima de 36 grados,\u00a0con vientos del noreste a 3km\/h acompa\u00f1ados por humedad del 86 por ciento. <\/p>\n\n\n\n<p>Para\u00a0ma\u00f1ana, las condiciones clim\u00e1ticas ser\u00e1n similares a las de hoy. <\/p>\n","protected":false},"excerpt":{"rendered":"<p>Con 36 grados de m\u00e1xima nuestra regi\u00f3n contin\u00faa bajo alerta roja. El SMN indica que estas condiciones seguir\u00e1n durante el resto de la semana. El\u00a0Servicio Meteorol\u00f3gico Nacional\u00a0(SMN) pronostica para\u00a0este mi\u00e9rcoles en nuestra regi\u00f3n otra jornada de\u00a0intenso calor, con\u00a0alerta roja y sin probabilidad de lluvias. Se prev\u00e9 una temperatura m\u00e1xima de 36 grados,\u00a0con vientos del noreste [&hellip;]<\/p>\n","protected":false},"author":3,"featured_media":3746,"comment_status":"closed","ping_status":"open","sticky":false,"template":"","format":"standard","meta":{"tdm_status":"","tdm_grid_status":"","footnotes":""},"categories":[13],"tags":[1546,1447,138],"class_list":{"0":"post-3742","1":"post","2":"type-post","3":"status-publish","4":"format-standard","5":"has-post-thumbnail","7":"category-region","8":"tag-alerta-roja","9":"tag-altas-temperaturas","10":"tag-clima"},"_links":{"self":[{"href":"https:\/\/www.noticiasmas.com.ar\/index.php\/wp-json\/wp\/v2\/posts\/3742","targetHints":{"allow":["GET"]}}],"collection":[{"href":"https:\/\/www.noticiasmas.com.ar\/index.php\/wp-json\/wp\/v2\/posts"}],"about":[{"href":"https:\/\/www.noticiasmas.com.ar\/index.php\/wp-json\/wp\/v2\/types\/post"}],"author":[{"embeddable":true,"href":"https:\/\/www.noticiasmas.com.ar\/index.php\/wp-json\/wp\/v2\/users\/3"}],"replies":[{"embeddable":true,"href":"https:\/\/www.noticiasmas.com.ar\/index.php\/wp-json\/wp\/v2\/comments?post=3742"}],"version-history":[{"count":1,"href":"https:\/\/www.noticiasmas.com.ar\/index.php\/wp-json\/wp\/v2\/posts\/3742\/revisions"}],"predecessor-version":[{"id":3747,"href":"https:\/\/www.noticiasmas.com.ar\/index.php\/wp-json\/wp\/v2\/posts\/3742\/revisions\/3747"}],"wp:featuredmedia":[{"embeddable":true,"href":"https:\/\/www.noticiasmas.com.ar\/index.php\/wp-json\/wp\/v2\/media\/3746"}],"wp:attachment":[{"href":"https:\/\/www.noticiasmas.com.ar\/index.php\/wp-json\/wp\/v2\/media?parent=3742"}],"wp:term":[{"taxonomy":"category","embeddable":true,"href":"https:\/\/www.noticiasmas.com.ar\/index.php\/wp-json\/wp\/v2\/categories?post=3742"},{"taxonomy":"post_tag","embeddable":true,"href":"https:\/\/www.noticiasmas.com.ar\/index.php\/wp-json\/wp\/v2\/tags?post=3742"}],"curies":[{"name":"wp","href":"https:\/\/api.w.org\/{rel}","templated":true}]}}