{"id":3925,"date":"2024-02-12T10:39:03","date_gmt":"2024-02-12T13:39:03","guid":{"rendered":"https:\/\/www.noticiasmas.com.ar\/?p=3925"},"modified":"2024-02-12T10:39:04","modified_gmt":"2024-02-12T13:39:04","slug":"feriado-de-carnaval-pasado-por-agua-y-alerta-por-tormentas-fuertes","status":"publish","type":"post","link":"https:\/\/www.noticiasmas.com.ar\/index.php\/2024\/02\/12\/feriado-de-carnaval-pasado-por-agua-y-alerta-por-tormentas-fuertes\/","title":{"rendered":"Feriado de carnaval pasado por agua y alerta por tormentas fuertes"},"content":{"rendered":"\n<p>La jornada amaneci\u00f3 con alerta por tormentas fuertes y ocasional ca\u00edda de granizo para nuestra regi\u00f3n. El SMN indica para hoy una m\u00e1xima que llegar\u00e1 a los 24 grados. <\/p>\n\n\n\n<p>El lunes, feriado por carnaval. comenz\u00f3 con alerta por tormentas fuertes que estar\u00e1n acompa\u00f1adas por fuertes r\u00e1fagas de viento. <\/p>\n\n\n\n<p>El Servicio Meteorol\u00f3gico Nacional indica para hoy una m\u00ednima de 14\u00b0C y una m\u00e1xima que llegar\u00e1 a los 24 grados, que estar\u00e1n acompa\u00f1ados por viento del sector sudeste a 47km\/h. y humedad del 70 por ciento. <\/p>\n\n\n\n<p>Las condiciones clim\u00e1ticas se mantendr\u00e1n durante toda la jornada. <\/p>\n","protected":false},"excerpt":{"rendered":"<p>La jornada amaneci\u00f3 con alerta por tormentas fuertes y ocasional ca\u00edda de granizo para nuestra regi\u00f3n. El SMN indica para hoy una m\u00e1xima que llegar\u00e1 a los 24 grados. El lunes, feriado por carnaval. comenz\u00f3 con alerta por tormentas fuertes que estar\u00e1n acompa\u00f1adas por fuertes r\u00e1fagas de viento. El Servicio Meteorol\u00f3gico Nacional indica para hoy [&hellip;]<\/p>\n","protected":false},"author":3,"featured_media":1993,"comment_status":"closed","ping_status":"open","sticky":false,"template":"","format":"standard","meta":{"tdm_status":"","tdm_grid_status":"","footnotes":""},"categories":[13],"tags":[139,138,193],"class_list":{"0":"post-3925","1":"post","2":"type-post","3":"status-publish","4":"format-standard","5":"has-post-thumbnail","7":"category-region","8":"tag-alerta","9":"tag-clima","10":"tag-smn"},"_links":{"self":[{"href":"https:\/\/www.noticiasmas.com.ar\/index.php\/wp-json\/wp\/v2\/posts\/3925","targetHints":{"allow":["GET"]}}],"collection":[{"href":"https:\/\/www.noticiasmas.com.ar\/index.php\/wp-json\/wp\/v2\/posts"}],"about":[{"href":"https:\/\/www.noticiasmas.com.ar\/index.php\/wp-json\/wp\/v2\/types\/post"}],"author":[{"embeddable":true,"href":"https:\/\/www.noticiasmas.com.ar\/index.php\/wp-json\/wp\/v2\/users\/3"}],"replies":[{"embeddable":true,"href":"https:\/\/www.noticiasmas.com.ar\/index.php\/wp-json\/wp\/v2\/comments?post=3925"}],"version-history":[{"count":1,"href":"https:\/\/www.noticiasmas.com.ar\/index.php\/wp-json\/wp\/v2\/posts\/3925\/revisions"}],"predecessor-version":[{"id":3926,"href":"https:\/\/www.noticiasmas.com.ar\/index.php\/wp-json\/wp\/v2\/posts\/3925\/revisions\/3926"}],"wp:featuredmedia":[{"embeddable":true,"href":"https:\/\/www.noticiasmas.com.ar\/index.php\/wp-json\/wp\/v2\/media\/1993"}],"wp:attachment":[{"href":"https:\/\/www.noticiasmas.com.ar\/index.php\/wp-json\/wp\/v2\/media?parent=3925"}],"wp:term":[{"taxonomy":"category","embeddable":true,"href":"https:\/\/www.noticiasmas.com.ar\/index.php\/wp-json\/wp\/v2\/categories?post=3925"},{"taxonomy":"post_tag","embeddable":true,"href":"https:\/\/www.noticiasmas.com.ar\/index.php\/wp-json\/wp\/v2\/tags?post=3925"}],"curies":[{"name":"wp","href":"https:\/\/api.w.org\/{rel}","templated":true}]}}