{"id":4162,"date":"2024-02-19T15:04:41","date_gmt":"2024-02-19T18:04:41","guid":{"rendered":"https:\/\/www.noticiasmas.com.ar\/?p=4162"},"modified":"2024-02-19T15:04:42","modified_gmt":"2024-02-19T18:04:42","slug":"pablo-seman-presenta-su-libro-esta-entre-nosotros","status":"publish","type":"post","link":"https:\/\/www.noticiasmas.com.ar\/index.php\/2024\/02\/19\/pablo-seman-presenta-su-libro-esta-entre-nosotros\/","title":{"rendered":"Pablo Sem\u00e1n presenta su libro &#8220;Est\u00e1 entre nosotros&#8221;"},"content":{"rendered":"\n<p>El soci\u00f3logo y antrop\u00f3logo presentar\u00e1 el libro \u201cEst\u00e1 entre nosotros. \u00bfDe d\u00f3nde sale y hasta d\u00f3nde puede llegar la extrema derecha que no vimos venir?\u201d, junto con Sergio Morresi, Mart\u00edn Vicente y Melina V\u00e1zquez, que tambi\u00e9n participan de la obra. Viernes 23 de febrero a las 19:30, en la Usina Social calle Jujuy 2844 de Rosario.<\/p>\n\n\n\n<p>El ciclo denominado<strong> \u201cComunidad de Ideas\u201d convoca al primer encuentro del a\u00f1o con la presentaci\u00f3n del libro \u201cEst\u00e1 entre nosotros.<\/strong> \u00bfDe d\u00f3nde sale y hasta d\u00f3nde puede llegar la extrema derecha que no vimos venir?\u201d. Ser\u00e1 el <strong>viernes 23 de febrero a las 19:30, en la Usina Social de Jujuy 2844 de la ciudad de Rosario,<\/strong> con la presencia de Pablo Sem\u00e1n, coordinador de la obra; Sergio Morresi, Mart\u00edn Vicente y Melina V\u00e1zquez, que tambi\u00e9n participan de la misma. La presentaci\u00f3n ser\u00e1 moderada por el periodista Dami\u00e1n Schwarzstein.<\/p>\n\n\n\n<p><strong>Comunidad de Ideas es un espacio abierto\u00a0<\/strong>de participaci\u00f3n que durante el ciclo 2022 reuni\u00f3 a soci\u00f3logos, polit\u00f3logos, referentes de la cultura, analistas, emprendedores y referentes de diferentes \u00e1mbitos para abordar cinco cuestiones espec\u00edficas: la pol\u00edtica, el ambiente, la seguridad, la igualdad y el desarrollo econ\u00f3mico. El <strong>objetivo es reflexionar y construir propuestas superadoras sobre estas tem\u00e1ticas centrales que atraviesan a la sociedad.<\/strong><\/p>\n\n\n\n<p><strong>Sem\u00e1n es soci\u00f3logo y antrop\u00f3logo especializado en culturas populares y religi\u00f3n.<\/strong> Es investigador del Conicet y profesor del Instituto de Altos Estudios Sociales de la Universidad Nacional de San Mart\u00edn (Unsam). Entre sus libros se destacan \u201cBajo Religiosidad, as\u00ed como \u201cGestionar, mezclar, habitar: claves de los emprendimientos musicales independientes (en coautor\u00eda con Guadalupe Gallo)\u201d, \u201cCumbia: naci\u00f3n, etnia y g\u00e9nero en Latinoam\u00e9rica\u201d (coeditado con Pablo Vila).\u00a0<\/p>\n\n\n\n<p>Morresi es doctor en Ciencia Pol\u00edtica de la Universidad de S\u00e3o Paulo, profesor de la Universidad Nacional del Litoral e investigador del Conicet. Es autor de art\u00edculos de teor\u00eda pol\u00edtica, an\u00e1lisis pol\u00edtico e historia reciente y public\u00f3 los libros \u201cLa Nueva derecha argentina y la democracia sin pol\u00edtica\u201d y \u201cSaber lo que se hace. Expertos y pol\u00edtica en la Argentina Contempor\u00e1nea\u201d. Su actividad se concentra en el estudio del liberalismo, el neoliberalismo y las derechas pol\u00edticas.<\/p>\n\n\n\n<p>Vicente es doctor en Ciencias Sociales en la UBA e investigador del Conicet en el Instituto de Geograf\u00eda, Historia y Ciencias Sociales de la Universidad Nacional del Centro de la Provincia de Buenos Aires. Su trabajo aborda la historia pol\u00edtica e intelectual de las derechas argentinas, con \u00e9nfasis en la tradici\u00f3n liberal-conservadora, y los grupos pol\u00edtico-intelectuales del catolicismo democr\u00e1tico local y del Cono Sur.<\/p>\n\n\n\n<p>V\u00e1zquez es doctora en Ciencias Sociales en la UBA, postdoctora en Ciencias Sociales, Ni\u00f1ez y Juventud por la Universidad de Manizales-Cinde, Colef, Pontificia Universidad Cat\u00f3lica de San Pablo y Clacso. Investigadora del Conicet y co-coordina el Grupo de Estudios en Pol\u00edticas y Juventudes en el Instituto de Investigaciones Gino Germani y el Grupo de Trabajo infancias y juventudes de Clacso. Es profesora de Sociolog\u00eda en la UBA.<\/p>\n","protected":false},"excerpt":{"rendered":"<p>El soci\u00f3logo y antrop\u00f3logo presentar\u00e1 el libro \u201cEst\u00e1 entre nosotros. \u00bfDe d\u00f3nde sale y hasta d\u00f3nde puede llegar la extrema derecha que no vimos venir?\u201d, junto con Sergio Morresi, Mart\u00edn Vicente y Melina V\u00e1zquez, que tambi\u00e9n participan de la obra. Viernes 23 de febrero a las 19:30, en la Usina Social calle Jujuy 2844 de [&hellip;]<\/p>\n","protected":false},"author":3,"featured_media":4165,"comment_status":"closed","ping_status":"open","sticky":false,"template":"","format":"standard","meta":{"tdm_status":"","tdm_grid_status":"","footnotes":""},"categories":[4],"tags":[1678,857],"class_list":{"0":"post-4162","1":"post","2":"type-post","3":"status-publish","4":"format-standard","5":"has-post-thumbnail","7":"category-culturayespectaculos","8":"tag-pablo-seman","9":"tag-presentacion"},"_links":{"self":[{"href":"https:\/\/www.noticiasmas.com.ar\/index.php\/wp-json\/wp\/v2\/posts\/4162","targetHints":{"allow":["GET"]}}],"collection":[{"href":"https:\/\/www.noticiasmas.com.ar\/index.php\/wp-json\/wp\/v2\/posts"}],"about":[{"href":"https:\/\/www.noticiasmas.com.ar\/index.php\/wp-json\/wp\/v2\/types\/post"}],"author":[{"embeddable":true,"href":"https:\/\/www.noticiasmas.com.ar\/index.php\/wp-json\/wp\/v2\/users\/3"}],"replies":[{"embeddable":true,"href":"https:\/\/www.noticiasmas.com.ar\/index.php\/wp-json\/wp\/v2\/comments?post=4162"}],"version-history":[{"count":2,"href":"https:\/\/www.noticiasmas.com.ar\/index.php\/wp-json\/wp\/v2\/posts\/4162\/revisions"}],"predecessor-version":[{"id":4166,"href":"https:\/\/www.noticiasmas.com.ar\/index.php\/wp-json\/wp\/v2\/posts\/4162\/revisions\/4166"}],"wp:featuredmedia":[{"embeddable":true,"href":"https:\/\/www.noticiasmas.com.ar\/index.php\/wp-json\/wp\/v2\/media\/4165"}],"wp:attachment":[{"href":"https:\/\/www.noticiasmas.com.ar\/index.php\/wp-json\/wp\/v2\/media?parent=4162"}],"wp:term":[{"taxonomy":"category","embeddable":true,"href":"https:\/\/www.noticiasmas.com.ar\/index.php\/wp-json\/wp\/v2\/categories?post=4162"},{"taxonomy":"post_tag","embeddable":true,"href":"https:\/\/www.noticiasmas.com.ar\/index.php\/wp-json\/wp\/v2\/tags?post=4162"}],"curies":[{"name":"wp","href":"https:\/\/api.w.org\/{rel}","templated":true}]}}