{"id":4212,"date":"2024-02-20T11:17:45","date_gmt":"2024-02-20T14:17:45","guid":{"rendered":"https:\/\/www.noticiasmas.com.ar\/?p=4212"},"modified":"2024-02-20T11:17:46","modified_gmt":"2024-02-20T14:17:46","slug":"repudian-el-nombramiento-de-nicolas-kasanzew-como-titular-de-la-direccion-gesta-de-malvinas-del-senado","status":"publish","type":"post","link":"https:\/\/www.noticiasmas.com.ar\/index.php\/2024\/02\/20\/repudian-el-nombramiento-de-nicolas-kasanzew-como-titular-de-la-direccion-gesta-de-malvinas-del-senado\/","title":{"rendered":"Repudian el nombramiento de Nicol\u00e1s Kasanzew, como titular de la Direcci\u00f3n &#8220;Gesta de Malvinas&#8221; del Senado"},"content":{"rendered":"\n<p>Desde el Espacio por la Memoria, la Verdad y la Justicia del Cord\u00f3n Industrial, expresaron un en\u00e9rgico repudio ante la designaci\u00f3n de Nicol\u00e1s Kasanzew, actual residente de San Lorenzo, como titular de la Direcci\u00f3n &#8220;Gesta de Malvinas&#8221; del Senado.\u00a0<\/p>\n\n\n\n<p>Desde el Espacio por la Memoria la Verdad y la Justicia del Cord\u00f3n Industrial repudiamos la designaci\u00f3n del hoy sanlorencino, Nicol\u00e1s Kasanzew, como titular de la Direcci\u00f3n \u201cGesta de Malvinas\u201d del Senado. Se trata de la cara visible del relato de los militares sobre la guerra, siendo exponente de su propaganda y legitimidad a trav\u00e9s de su labor como corresponsal.<\/p>\n\n\n\n<p>Ante todo queremos rendir nuestro homenaje a los soldados ca\u00eddos y sobrevivientes de dicho conflicto armado, y que a pesar de las desventajas abismales en cuanto al armamento, dieron combate heroico al defender la bandera argentina frente a los usurpadores ingleses. Pero por otro lado, en dicha coyuntura tambi\u00e9n ocurrieron delitos de lesa humanidad, en donde soldados conscriptos sufrieron tratos crueles e inhumanos.<\/p>\n\n\n\n<p>Llamamos a una reflexi\u00f3n integral de lo sucedido, con especial atenci\u00f3n en los soldados y sus familias, en nuestra soberan\u00eda sobre las Islas Malvinas y lejos de discursos \u201creinvidicativos\u201d de aquella aventura b\u00e9lica genocida, de quienes por entonces s\u00f3lo buscaban relegitimarse para continuar una dictadura que se desmoronaba por el descr\u00e9dito del horror que produjeron y por la brutal crisis econ\u00f3mica que causaron.\u00a0<\/p>\n\n\n\n<figure class=\"wp-block-image size-large\"><img loading=\"lazy\" decoding=\"async\" width=\"1024\" height=\"819\" src=\"https:\/\/www.noticiasmas.com.ar\/wp-content\/uploads\/2024\/02\/WhatsApp-Image-2024-02-17-at-13.04.32-1024x819.jpeg\" alt=\"\" class=\"wp-image-4214\" srcset=\"https:\/\/www.noticiasmas.com.ar\/wp-content\/uploads\/2024\/02\/WhatsApp-Image-2024-02-17-at-13.04.32-1024x819.jpeg 1024w, https:\/\/www.noticiasmas.com.ar\/wp-content\/uploads\/2024\/02\/WhatsApp-Image-2024-02-17-at-13.04.32-300x240.jpeg 300w, https:\/\/www.noticiasmas.com.ar\/wp-content\/uploads\/2024\/02\/WhatsApp-Image-2024-02-17-at-13.04.32-768x614.jpeg 768w, https:\/\/www.noticiasmas.com.ar\/wp-content\/uploads\/2024\/02\/WhatsApp-Image-2024-02-17-at-13.04.32-1536x1229.jpeg 1536w, https:\/\/www.noticiasmas.com.ar\/wp-content\/uploads\/2024\/02\/WhatsApp-Image-2024-02-17-at-13.04.32-150x120.jpeg 150w, https:\/\/www.noticiasmas.com.ar\/wp-content\/uploads\/2024\/02\/WhatsApp-Image-2024-02-17-at-13.04.32-696x557.jpeg 696w, https:\/\/www.noticiasmas.com.ar\/wp-content\/uploads\/2024\/02\/WhatsApp-Image-2024-02-17-at-13.04.32-1068x854.jpeg 1068w, https:\/\/www.noticiasmas.com.ar\/wp-content\/uploads\/2024\/02\/WhatsApp-Image-2024-02-17-at-13.04.32.jpeg 1600w\" sizes=\"auto, (max-width: 1024px) 100vw, 1024px\" \/><\/figure>\n","protected":false},"excerpt":{"rendered":"<p>Desde el Espacio por la Memoria, la Verdad y la Justicia del Cord\u00f3n Industrial, expresaron un en\u00e9rgico repudio ante la designaci\u00f3n de Nicol\u00e1s Kasanzew, actual residente de San Lorenzo, como titular de la Direcci\u00f3n &#8220;Gesta de Malvinas&#8221; del Senado.\u00a0 Desde el Espacio por la Memoria la Verdad y la Justicia del Cord\u00f3n Industrial repudiamos la [&hellip;]<\/p>\n","protected":false},"author":3,"featured_media":4216,"comment_status":"closed","ping_status":"open","sticky":false,"template":"","format":"standard","meta":{"tdm_status":"","tdm_grid_status":"","footnotes":""},"categories":[13],"tags":[1694,1692,1695,1693,1486],"class_list":{"0":"post-4212","1":"post","2":"type-post","3":"status-publish","4":"format-standard","5":"has-post-thumbnail","7":"category-region","8":"tag-espacio-por-la-memoria","9":"tag-gesta-de-malvinas","10":"tag-la-verdad-y-la-justicia-del-cordon-industrial","11":"tag-nicolas-kasanzew","12":"tag-victoria-villarruel"},"_links":{"self":[{"href":"https:\/\/www.noticiasmas.com.ar\/index.php\/wp-json\/wp\/v2\/posts\/4212","targetHints":{"allow":["GET"]}}],"collection":[{"href":"https:\/\/www.noticiasmas.com.ar\/index.php\/wp-json\/wp\/v2\/posts"}],"about":[{"href":"https:\/\/www.noticiasmas.com.ar\/index.php\/wp-json\/wp\/v2\/types\/post"}],"author":[{"embeddable":true,"href":"https:\/\/www.noticiasmas.com.ar\/index.php\/wp-json\/wp\/v2\/users\/3"}],"replies":[{"embeddable":true,"href":"https:\/\/www.noticiasmas.com.ar\/index.php\/wp-json\/wp\/v2\/comments?post=4212"}],"version-history":[{"count":1,"href":"https:\/\/www.noticiasmas.com.ar\/index.php\/wp-json\/wp\/v2\/posts\/4212\/revisions"}],"predecessor-version":[{"id":4215,"href":"https:\/\/www.noticiasmas.com.ar\/index.php\/wp-json\/wp\/v2\/posts\/4212\/revisions\/4215"}],"wp:featuredmedia":[{"embeddable":true,"href":"https:\/\/www.noticiasmas.com.ar\/index.php\/wp-json\/wp\/v2\/media\/4216"}],"wp:attachment":[{"href":"https:\/\/www.noticiasmas.com.ar\/index.php\/wp-json\/wp\/v2\/media?parent=4212"}],"wp:term":[{"taxonomy":"category","embeddable":true,"href":"https:\/\/www.noticiasmas.com.ar\/index.php\/wp-json\/wp\/v2\/categories?post=4212"},{"taxonomy":"post_tag","embeddable":true,"href":"https:\/\/www.noticiasmas.com.ar\/index.php\/wp-json\/wp\/v2\/tags?post=4212"}],"curies":[{"name":"wp","href":"https:\/\/api.w.org\/{rel}","templated":true}]}}