{"id":4229,"date":"2024-02-20T18:23:03","date_gmt":"2024-02-20T21:23:03","guid":{"rendered":"https:\/\/www.noticiasmas.com.ar\/?p=4229"},"modified":"2024-02-20T18:23:03","modified_gmt":"2024-02-20T21:23:03","slug":"atsa-no-hubo-acuerdo-y-este-jueves-convoco-a-un-paro-por-24-hs","status":"publish","type":"post","link":"https:\/\/www.noticiasmas.com.ar\/index.php\/2024\/02\/20\/atsa-no-hubo-acuerdo-y-este-jueves-convoco-a-un-paro-por-24-hs\/","title":{"rendered":"ATSA: No hubo acuerdo y este jueves convoc\u00f3 a un paro por 24 hs"},"content":{"rendered":"\n<p>La Asociaciones de Trabajadores de la Sanidad Argentina (ATSA), lanz\u00f3 un paro de 24 horas para el jueves ante la \u00abintransigencia de las c\u00e1maras empresariales\u00bb del sector en el marco de la discusi\u00f3n paritaria.<\/p>\n\n\n\n<p>Javier Ojeda, Secretario General del gremio expres\u00f3 que no habr\u00e1&nbsp;Atenci\u00f3n en Cl\u00ednicas y Sanatorios este jueves (Solo guardia m\u00ednimas).<\/p>\n\n\n\n<p>\u00abNecesitamos una recomposici\u00f3n salarial digna para nuestros trabajadores. Los empresarios han incumplido todo lo firmado en el mes de enero correspondiente al bono no remunerativo perjudicando a todos nuestros compa\u00f1eros\u00bb.<\/p>\n\n\n\n<p>\u00abPor esta raz\u00f3n, nos vemos en la necesidad de realizar un paro por 24 hs garantizado las guardias m\u00ednimas\u00bb.<\/p>\n\n\n\n<p>Fuente: Panorama Gremial<\/p>\n","protected":false},"excerpt":{"rendered":"<p>La Asociaciones de Trabajadores de la Sanidad Argentina (ATSA), lanz\u00f3 un paro de 24 horas para el jueves ante la \u00abintransigencia de las c\u00e1maras empresariales\u00bb del sector en el marco de la discusi\u00f3n paritaria. Javier Ojeda, Secretario General del gremio expres\u00f3 que no habr\u00e1&nbsp;Atenci\u00f3n en Cl\u00ednicas y Sanatorios este jueves (Solo guardia m\u00ednimas). \u00abNecesitamos una [&hellip;]<\/p>\n","protected":false},"author":5,"featured_media":4230,"comment_status":"closed","ping_status":"open","sticky":false,"template":"","format":"standard","meta":{"tdm_status":"","tdm_grid_status":"","footnotes":""},"categories":[14],"tags":[1704,691,18],"class_list":{"0":"post-4229","1":"post","2":"type-post","3":"status-publish","4":"format-standard","5":"has-post-thumbnail","7":"category-provinciales","8":"tag-atsa","9":"tag-paro","10":"tag-santa-fe"},"_links":{"self":[{"href":"https:\/\/www.noticiasmas.com.ar\/index.php\/wp-json\/wp\/v2\/posts\/4229","targetHints":{"allow":["GET"]}}],"collection":[{"href":"https:\/\/www.noticiasmas.com.ar\/index.php\/wp-json\/wp\/v2\/posts"}],"about":[{"href":"https:\/\/www.noticiasmas.com.ar\/index.php\/wp-json\/wp\/v2\/types\/post"}],"author":[{"embeddable":true,"href":"https:\/\/www.noticiasmas.com.ar\/index.php\/wp-json\/wp\/v2\/users\/5"}],"replies":[{"embeddable":true,"href":"https:\/\/www.noticiasmas.com.ar\/index.php\/wp-json\/wp\/v2\/comments?post=4229"}],"version-history":[{"count":1,"href":"https:\/\/www.noticiasmas.com.ar\/index.php\/wp-json\/wp\/v2\/posts\/4229\/revisions"}],"predecessor-version":[{"id":4231,"href":"https:\/\/www.noticiasmas.com.ar\/index.php\/wp-json\/wp\/v2\/posts\/4229\/revisions\/4231"}],"wp:featuredmedia":[{"embeddable":true,"href":"https:\/\/www.noticiasmas.com.ar\/index.php\/wp-json\/wp\/v2\/media\/4230"}],"wp:attachment":[{"href":"https:\/\/www.noticiasmas.com.ar\/index.php\/wp-json\/wp\/v2\/media?parent=4229"}],"wp:term":[{"taxonomy":"category","embeddable":true,"href":"https:\/\/www.noticiasmas.com.ar\/index.php\/wp-json\/wp\/v2\/categories?post=4229"},{"taxonomy":"post_tag","embeddable":true,"href":"https:\/\/www.noticiasmas.com.ar\/index.php\/wp-json\/wp\/v2\/tags?post=4229"}],"curies":[{"name":"wp","href":"https:\/\/api.w.org\/{rel}","templated":true}]}}