{"id":4258,"date":"2024-02-20T21:48:14","date_gmt":"2024-02-21T00:48:14","guid":{"rendered":"https:\/\/www.noticiasmas.com.ar\/?p=4258"},"modified":"2024-02-20T21:48:15","modified_gmt":"2024-02-21T00:48:15","slug":"asi-es-dificil-que-comiencen-las-clases-7-de-incremento-es-la-oferta-del-gobierno-de-la-provincia","status":"publish","type":"post","link":"https:\/\/www.noticiasmas.com.ar\/index.php\/2024\/02\/20\/asi-es-dificil-que-comiencen-las-clases-7-de-incremento-es-la-oferta-del-gobierno-de-la-provincia\/","title":{"rendered":"As\u00ed es dif\u00edcil que comiencen las clases: &#8220;7% de incremento es la oferta del gobierno de la provincia&#8221;"},"content":{"rendered":"\n<p>As\u00ed lo expres\u00f3 el titular de SADOP Santa Fe, Pedro Bay\u00fagar, al t\u00e9rmino de la reuni\u00f3n paritaria entre el gobierno de la provincia y los referentes de los gremios docentes santafesinos.<\/p>\n\n\n\n<p>A\u00fan con la deuda que mantiene el Gobernador Maximiliano Pullaro con todos y todas las maestras de la provincia, en relaci\u00f3n al acuerdo paritario 2023 y con el recorte de los fondos nacionales, la provincia propone un porcentaje que muy lejos est\u00e1 de poder ser considerada una recomposici\u00f3n salarial.<\/p>\n\n\n\n<p>Pedro Bay\u00fagar enfatiz\u00f3 en que &#8220;urge que el gobernador entienda que cuando hablamos de salarios docentes, hablamos del pago de alquileres, de compra de alimentos, del pago de servicios. Las y los trabajadores no especulan con la plata; urge para pagar tarjetas de cr\u00e9dito, indumentaria, \u00fatiles escolares y cuestiones b\u00e1sicas para una vida cotidiana digna&#8221;.<\/p>\n\n\n\n<p>&#8220;Deben responsabilizarse por el FONID, por la conectividad y el Plan 25 que son recortes directos al salario docente. El ajuste que pretenden Naci\u00f3n y provincia no lo podemos pagar los trabajadores&#8221;, expres\u00f3 Pedro Bay\u00fagar al finalizar el encuentro paritario.<\/p>\n","protected":false},"excerpt":{"rendered":"<p>As\u00ed lo expres\u00f3 el titular de SADOP Santa Fe, Pedro Bay\u00fagar, al t\u00e9rmino de la reuni\u00f3n paritaria entre el gobierno de la provincia y los referentes de los gremios docentes santafesinos. A\u00fan con la deuda que mantiene el Gobernador Maximiliano Pullaro con todos y todas las maestras de la provincia, en relaci\u00f3n al acuerdo paritario [&hellip;]<\/p>\n","protected":false},"author":5,"featured_media":4259,"comment_status":"closed","ping_status":"open","sticky":false,"template":"","format":"standard","meta":{"tdm_status":"","tdm_grid_status":"","footnotes":""},"categories":[14],"tags":[926,799,18],"class_list":{"0":"post-4258","1":"post","2":"type-post","3":"status-publish","4":"format-standard","5":"has-post-thumbnail","7":"category-provinciales","8":"tag-paritaria-docente","9":"tag-sadop","10":"tag-santa-fe"},"_links":{"self":[{"href":"https:\/\/www.noticiasmas.com.ar\/index.php\/wp-json\/wp\/v2\/posts\/4258","targetHints":{"allow":["GET"]}}],"collection":[{"href":"https:\/\/www.noticiasmas.com.ar\/index.php\/wp-json\/wp\/v2\/posts"}],"about":[{"href":"https:\/\/www.noticiasmas.com.ar\/index.php\/wp-json\/wp\/v2\/types\/post"}],"author":[{"embeddable":true,"href":"https:\/\/www.noticiasmas.com.ar\/index.php\/wp-json\/wp\/v2\/users\/5"}],"replies":[{"embeddable":true,"href":"https:\/\/www.noticiasmas.com.ar\/index.php\/wp-json\/wp\/v2\/comments?post=4258"}],"version-history":[{"count":1,"href":"https:\/\/www.noticiasmas.com.ar\/index.php\/wp-json\/wp\/v2\/posts\/4258\/revisions"}],"predecessor-version":[{"id":4260,"href":"https:\/\/www.noticiasmas.com.ar\/index.php\/wp-json\/wp\/v2\/posts\/4258\/revisions\/4260"}],"wp:featuredmedia":[{"embeddable":true,"href":"https:\/\/www.noticiasmas.com.ar\/index.php\/wp-json\/wp\/v2\/media\/4259"}],"wp:attachment":[{"href":"https:\/\/www.noticiasmas.com.ar\/index.php\/wp-json\/wp\/v2\/media?parent=4258"}],"wp:term":[{"taxonomy":"category","embeddable":true,"href":"https:\/\/www.noticiasmas.com.ar\/index.php\/wp-json\/wp\/v2\/categories?post=4258"},{"taxonomy":"post_tag","embeddable":true,"href":"https:\/\/www.noticiasmas.com.ar\/index.php\/wp-json\/wp\/v2\/tags?post=4258"}],"curies":[{"name":"wp","href":"https:\/\/api.w.org\/{rel}","templated":true}]}}