{"id":4310,"date":"2024-02-21T19:16:35","date_gmt":"2024-02-21T22:16:35","guid":{"rendered":"https:\/\/www.noticiasmas.com.ar\/?p=4310"},"modified":"2024-02-21T19:16:36","modified_gmt":"2024-02-21T22:16:36","slug":"atsa-rosario-confirmo-el-paro-de-este-jueves","status":"publish","type":"post","link":"https:\/\/www.noticiasmas.com.ar\/index.php\/2024\/02\/21\/atsa-rosario-confirmo-el-paro-de-este-jueves\/","title":{"rendered":"ATSA ROSARIO CONFIRMO EL PARO DE ESTE JUEVES"},"content":{"rendered":"\n<p>En Cl\u00ednicas y Sanatorios Privados de Rosario y el sur provincial solo habr\u00e1 guardias m\u00ednimas.<\/p>\n\n\n\n<p>Luego de conocerse un comunicado de la Asociaci\u00f3n de Cl\u00ednicas, Sanatorios y Hospitales Privados de Rosario y zona proponiendo el pago de una suma no remunerativa a otorgarse con las remuneraciones de febrero, desde el gremio la Asociaci\u00f3n de Trabajadores de la Sanidad de Rosario y el sur provincial (Atsa Rosario), rechazaron \u201crotundamente\u201d, la propuesta por \u201cconsiderarla unilateral\u201d y \u201cno traerla a la mesa de negociaci\u00f3nes paritarias\u201d, se\u00f1alaron desde el gremio local<\/p>\n\n\n\n<p>En ese sentido, Atsa Rosario confirm\u00f3 el el paro de 24 horas de ma\u00f1ana jueves 22 de febrero<\/p>\n\n\n\n<p>En ese sentido, los trabajadores que se adhieren a la medida de fuerza son el Personal No M\u00e9dico de los nosocomios privados (mucamas, enfermeros, personal t\u00e9cnico y administrativo).<\/p>\n\n\n\n<p>\u201cQueremos comunicar que dicho accionar de la parte patronal demuestra la falta de etica de los empreasrios de la salurd\u201d, se\u00f1al\u00f3 Javier Ojeda, Secretario General de Atsa Rosario agregando que, \u201csolo inetntan confundir a los trabajadores\u201d.<\/p>\n\n\n\n<p>Recordemos que el reclamo es por por una \u201crecomposici\u00f3n digna de los salaries\u201d.<\/p>\n\n\n\n<p>Adem\u00e1s el gremio expuso que \u201chay negativa de los empresarios\u201d, a fin de lograr un acuerdo paritario acorde y \u201ctambi\u00e9n un incumplimiento de lo firmado en el mes de enero correspondiente al bono no remunerativo,<\/p>\n\n\n\n<p>Ojeda plante\u00f3 que, \u201cen enero nos juntamos para hacer una recomposici\u00f3n salarial de la paritaria del 2023 con una cl\u00e1usula de renegociaci\u00f3n y como no lleg\u00f3 a un acuerdo para zanjar el problema se estableci\u00f3 un bono de 70 mil pesos no remunerativo a pagar en una vez e incumpliendo el acuerdo por parte de los empresarios y en forma unilateral lo pagaron en dos veces\u201d, y \u201cmas all\u00e1 de ese agravante esta semana deb\u00edamos negociar dicho acuerdo con un porcentaje y aumentos remunerativos y desde las c\u00e1maras empresarias no quieren sentarse a negociar\u201d, explic\u00f3 Ojeda y argumentando porque se comienza con medidas de fuerza.<\/p>\n","protected":false},"excerpt":{"rendered":"<p>En Cl\u00ednicas y Sanatorios Privados de Rosario y el sur provincial solo habr\u00e1 guardias m\u00ednimas. Luego de conocerse un comunicado de la Asociaci\u00f3n de Cl\u00ednicas, Sanatorios y Hospitales Privados de Rosario y zona proponiendo el pago de una suma no remunerativa a otorgarse con las remuneraciones de febrero, desde el gremio la Asociaci\u00f3n de Trabajadores [&hellip;]<\/p>\n","protected":false},"author":5,"featured_media":4311,"comment_status":"closed","ping_status":"open","sticky":false,"template":"","format":"standard","meta":{"tdm_status":"","tdm_grid_status":"","footnotes":""},"categories":[13],"tags":[1704,228,163,1723],"class_list":{"0":"post-4310","1":"post","2":"type-post","3":"status-publish","4":"format-standard","5":"has-post-thumbnail","7":"category-region","8":"tag-atsa","9":"tag-medida-de-fuerza","10":"tag-rosario","11":"tag-sur-provincial"},"_links":{"self":[{"href":"https:\/\/www.noticiasmas.com.ar\/index.php\/wp-json\/wp\/v2\/posts\/4310","targetHints":{"allow":["GET"]}}],"collection":[{"href":"https:\/\/www.noticiasmas.com.ar\/index.php\/wp-json\/wp\/v2\/posts"}],"about":[{"href":"https:\/\/www.noticiasmas.com.ar\/index.php\/wp-json\/wp\/v2\/types\/post"}],"author":[{"embeddable":true,"href":"https:\/\/www.noticiasmas.com.ar\/index.php\/wp-json\/wp\/v2\/users\/5"}],"replies":[{"embeddable":true,"href":"https:\/\/www.noticiasmas.com.ar\/index.php\/wp-json\/wp\/v2\/comments?post=4310"}],"version-history":[{"count":1,"href":"https:\/\/www.noticiasmas.com.ar\/index.php\/wp-json\/wp\/v2\/posts\/4310\/revisions"}],"predecessor-version":[{"id":4312,"href":"https:\/\/www.noticiasmas.com.ar\/index.php\/wp-json\/wp\/v2\/posts\/4310\/revisions\/4312"}],"wp:featuredmedia":[{"embeddable":true,"href":"https:\/\/www.noticiasmas.com.ar\/index.php\/wp-json\/wp\/v2\/media\/4311"}],"wp:attachment":[{"href":"https:\/\/www.noticiasmas.com.ar\/index.php\/wp-json\/wp\/v2\/media?parent=4310"}],"wp:term":[{"taxonomy":"category","embeddable":true,"href":"https:\/\/www.noticiasmas.com.ar\/index.php\/wp-json\/wp\/v2\/categories?post=4310"},{"taxonomy":"post_tag","embeddable":true,"href":"https:\/\/www.noticiasmas.com.ar\/index.php\/wp-json\/wp\/v2\/tags?post=4310"}],"curies":[{"name":"wp","href":"https:\/\/api.w.org\/{rel}","templated":true}]}}