{"id":4324,"date":"2024-02-22T14:33:08","date_gmt":"2024-02-22T17:33:08","guid":{"rendered":"https:\/\/www.noticiasmas.com.ar\/?p=4324"},"modified":"2024-02-22T14:33:08","modified_gmt":"2024-02-22T17:33:08","slug":"la-oferta-paritaria-fue-escasa-y-los-docentes-definen-un-plan-de-lucha","status":"publish","type":"post","link":"https:\/\/www.noticiasmas.com.ar\/index.php\/2024\/02\/22\/la-oferta-paritaria-fue-escasa-y-los-docentes-definen-un-plan-de-lucha\/","title":{"rendered":"La oferta paritaria fue escasa y los docentes definen un plan de lucha"},"content":{"rendered":"\n<p>Los docentes de San Lorenzo, agrupados en Amsafe, se encuentran en proceso de votaci\u00f3n entre cuatro mociones, todas orientadas hacia la convocatoria de un paro.<\/p>\n\n\n\n<p>La asamblea departamental ha generado estas alternativas, que ser\u00e1n sometidas a consideraci\u00f3n de todos los educadores p\u00fablicos de la regi\u00f3n a lo largo del d\u00eda de hoy.<\/p>\n\n\n\n<p>La determinaci\u00f3n final depender\u00e1 de la modalidad de la medida de fuerza que se acuerde ante el rechazo del ofrecimiento del gobierno.<\/p>\n\n\n\n<p>Las mociones que se est\u00e1n sometiendo a votaci\u00f3n en la Delegaci\u00f3n San Lorenzo durante el jueves 22 de febrero de 2024 son las siguientes:<\/p>\n\n\n\n<ul class=\"wp-block-list\">\n<li>Movilizaci\u00f3n a Santa Fe con paro de 48 horas y 48 horas de acciones regionales y locales.<\/li>\n\n\n\n<li>Movilizaci\u00f3n a Buenos Aires con paro de 3 semanas de 72 horas.<\/li>\n\n\n\n<li>Paro de 48 y 72 horas con acciones locales.<\/li>\n\n\n\n<li>Paro por tiempo indeterminado, con diversas acciones a llevar a cabo.<\/li>\n<\/ul>\n\n\n\n<p><br>El resultado de estas votaciones ser\u00e1 presentado el d\u00eda viernes en la Asamblea Provincial, tras la participaci\u00f3n de los afiliados en las escuelas durante la jornada de hoy.<\/p>\n","protected":false},"excerpt":{"rendered":"<p>Los docentes de San Lorenzo, agrupados en Amsafe, se encuentran en proceso de votaci\u00f3n entre cuatro mociones, todas orientadas hacia la convocatoria de un paro. La asamblea departamental ha generado estas alternativas, que ser\u00e1n sometidas a consideraci\u00f3n de todos los educadores p\u00fablicos de la regi\u00f3n a lo largo del d\u00eda de hoy. La determinaci\u00f3n final [&hellip;]<\/p>\n","protected":false},"author":3,"featured_media":4325,"comment_status":"closed","ping_status":"open","sticky":false,"template":"","format":"standard","meta":{"tdm_status":"","tdm_grid_status":"","footnotes":""},"categories":[13],"tags":[800,1124,798,926],"class_list":{"0":"post-4324","1":"post","2":"type-post","3":"status-publish","4":"format-standard","5":"has-post-thumbnail","7":"category-region","8":"tag-amsafe","9":"tag-ciclo-lectivo","10":"tag-docentes","11":"tag-paritaria-docente"},"_links":{"self":[{"href":"https:\/\/www.noticiasmas.com.ar\/index.php\/wp-json\/wp\/v2\/posts\/4324","targetHints":{"allow":["GET"]}}],"collection":[{"href":"https:\/\/www.noticiasmas.com.ar\/index.php\/wp-json\/wp\/v2\/posts"}],"about":[{"href":"https:\/\/www.noticiasmas.com.ar\/index.php\/wp-json\/wp\/v2\/types\/post"}],"author":[{"embeddable":true,"href":"https:\/\/www.noticiasmas.com.ar\/index.php\/wp-json\/wp\/v2\/users\/3"}],"replies":[{"embeddable":true,"href":"https:\/\/www.noticiasmas.com.ar\/index.php\/wp-json\/wp\/v2\/comments?post=4324"}],"version-history":[{"count":3,"href":"https:\/\/www.noticiasmas.com.ar\/index.php\/wp-json\/wp\/v2\/posts\/4324\/revisions"}],"predecessor-version":[{"id":4328,"href":"https:\/\/www.noticiasmas.com.ar\/index.php\/wp-json\/wp\/v2\/posts\/4324\/revisions\/4328"}],"wp:featuredmedia":[{"embeddable":true,"href":"https:\/\/www.noticiasmas.com.ar\/index.php\/wp-json\/wp\/v2\/media\/4325"}],"wp:attachment":[{"href":"https:\/\/www.noticiasmas.com.ar\/index.php\/wp-json\/wp\/v2\/media?parent=4324"}],"wp:term":[{"taxonomy":"category","embeddable":true,"href":"https:\/\/www.noticiasmas.com.ar\/index.php\/wp-json\/wp\/v2\/categories?post=4324"},{"taxonomy":"post_tag","embeddable":true,"href":"https:\/\/www.noticiasmas.com.ar\/index.php\/wp-json\/wp\/v2\/tags?post=4324"}],"curies":[{"name":"wp","href":"https:\/\/api.w.org\/{rel}","templated":true}]}}