{"id":4339,"date":"2024-02-23T08:44:06","date_gmt":"2024-02-23T11:44:06","guid":{"rendered":"https:\/\/www.noticiasmas.com.ar\/?p=4339"},"modified":"2024-02-23T08:44:06","modified_gmt":"2024-02-23T11:44:06","slug":"jornada-con-lluvias-y-alerta-por-tormentas","status":"publish","type":"post","link":"https:\/\/www.noticiasmas.com.ar\/index.php\/2024\/02\/23\/jornada-con-lluvias-y-alerta-por-tormentas\/","title":{"rendered":"Jornada con lluvias y alerta por tormentas"},"content":{"rendered":"\n<p>El viernes comenz\u00f3 con lluvias suaves en  nuestra regi\u00f3n que se ir\u00e1n intensificando con el correr de la ma\u00f1ana. Se registra un importante descenso de la temperatura que se sostendr\u00e1 hasta la semana pr\u00f3xima. <\/p>\n\n\n\n<p>La jornada se inici\u00f3 con lluvias suaves en nuestra regi\u00f3n y donde el Servicio Meteorol\u00f3gico Nacional (SMN), anuncia que se podr\u00edan intensificar durante la ma\u00f1ana. Para hoy el term\u00f3metro se mantendr\u00e1 con una m\u00ednima de 22 grados y una m\u00e1xima que apenas alcanzar\u00e1 los 27\u00b0C, que estar\u00e1n acompa\u00f1ados con viento del sector sur a 15km\/h. <\/p>\n\n\n\n<p>El SMN le sum\u00f3 un alerta de nivel amarillo por la posibilidad de lluvias que podr\u00edan\u00a0estar acompa\u00f1ada por ca\u00edda de granizo y r\u00e1fagas intensas\u00a0en forma localizada.<\/p>\n\n\n\n<p>Los valores de precipitaci\u00f3n acumulada entre\u00a030 y 60 mil\u00edmetros. <\/p>\n","protected":false},"excerpt":{"rendered":"<p>El viernes comenz\u00f3 con lluvias suaves en nuestra regi\u00f3n que se ir\u00e1n intensificando con el correr de la ma\u00f1ana. Se registra un importante descenso de la temperatura que se sostendr\u00e1 hasta la semana pr\u00f3xima. La jornada se inici\u00f3 con lluvias suaves en nuestra regi\u00f3n y donde el Servicio Meteorol\u00f3gico Nacional (SMN), anuncia que se podr\u00edan [&hellip;]<\/p>\n","protected":false},"author":3,"featured_media":2333,"comment_status":"closed","ping_status":"open","sticky":false,"template":"","format":"standard","meta":{"tdm_status":"","tdm_grid_status":"","footnotes":""},"categories":[13],"tags":[138,840],"class_list":{"0":"post-4339","1":"post","2":"type-post","3":"status-publish","4":"format-standard","5":"has-post-thumbnail","7":"category-region","8":"tag-clima","9":"tag-temperaturas"},"_links":{"self":[{"href":"https:\/\/www.noticiasmas.com.ar\/index.php\/wp-json\/wp\/v2\/posts\/4339","targetHints":{"allow":["GET"]}}],"collection":[{"href":"https:\/\/www.noticiasmas.com.ar\/index.php\/wp-json\/wp\/v2\/posts"}],"about":[{"href":"https:\/\/www.noticiasmas.com.ar\/index.php\/wp-json\/wp\/v2\/types\/post"}],"author":[{"embeddable":true,"href":"https:\/\/www.noticiasmas.com.ar\/index.php\/wp-json\/wp\/v2\/users\/3"}],"replies":[{"embeddable":true,"href":"https:\/\/www.noticiasmas.com.ar\/index.php\/wp-json\/wp\/v2\/comments?post=4339"}],"version-history":[{"count":1,"href":"https:\/\/www.noticiasmas.com.ar\/index.php\/wp-json\/wp\/v2\/posts\/4339\/revisions"}],"predecessor-version":[{"id":4340,"href":"https:\/\/www.noticiasmas.com.ar\/index.php\/wp-json\/wp\/v2\/posts\/4339\/revisions\/4340"}],"wp:featuredmedia":[{"embeddable":true,"href":"https:\/\/www.noticiasmas.com.ar\/index.php\/wp-json\/wp\/v2\/media\/2333"}],"wp:attachment":[{"href":"https:\/\/www.noticiasmas.com.ar\/index.php\/wp-json\/wp\/v2\/media?parent=4339"}],"wp:term":[{"taxonomy":"category","embeddable":true,"href":"https:\/\/www.noticiasmas.com.ar\/index.php\/wp-json\/wp\/v2\/categories?post=4339"},{"taxonomy":"post_tag","embeddable":true,"href":"https:\/\/www.noticiasmas.com.ar\/index.php\/wp-json\/wp\/v2\/tags?post=4339"}],"curies":[{"name":"wp","href":"https:\/\/api.w.org\/{rel}","templated":true}]}}