{"id":4629,"date":"2024-02-29T16:17:10","date_gmt":"2024-02-29T19:17:10","guid":{"rendered":"https:\/\/www.noticiasmas.com.ar\/?p=4629"},"modified":"2024-02-29T16:17:10","modified_gmt":"2024-02-29T19:17:10","slug":"el-senador-rasetto-cargo-contra-las-empresas-por-no-invertir-en-accesos-a-los-puertos","status":"publish","type":"post","link":"https:\/\/www.noticiasmas.com.ar\/index.php\/2024\/02\/29\/el-senador-rasetto-cargo-contra-las-empresas-por-no-invertir-en-accesos-a-los-puertos\/","title":{"rendered":"El senador Rasetto carg\u00f3 contra las empresas por no invertir en accesos a los puertos"},"content":{"rendered":"\n<p><\/p>\n\n\n\n<p>La cosecha crece y los caminos se deterioran. Ante la falta de obras en los accesos a los puertos agroexportadores del cord\u00f3n industrial, <em>aumenta el descontento de todos los sectores de la sociedad por una situaci\u00f3n que se repite a\u00f1o tras a\u00f1o<\/em>, sin haber en el medio voluntad de mejorar una problem\u00e1tica que afecta severamente la vida de los vecinos y las vecinas.<\/p>\n\n\n\n<p>En ese contexto, los distintos gobiernos provinciales gestionan soluciones con la Naci\u00f3n para el desarrollo de obras viales que desaten <strong>el nudo de tr\u00e1nsito que genera la masiva llegada de camiones <\/strong>en los meses de<strong> marzo, abril y mayo<\/strong>, principalmente en la zona de <strong>Villa La Ribera, Timb\u00faes, Puerto San Mart\u00edn y San Lorenzo.<\/strong><\/p>\n\n\n\n<p>El senador provincial por el departamento Iriondo, <strong>Hugo Rasetto<\/strong>, esgrimi\u00f3 otra l\u00ednea de debate para la soluci\u00f3n del problema: <strong>el rol de las empresas privadas<\/strong>, muchas de ellas extranjeras, en la soluci\u00f3n del conflicto.<\/p>\n\n\n\n<p>\u201cUn privado invierte 300 millones de d\u00f3lares para hacerse su puerto, entonces<strong> \u00bfpor qu\u00e9 no invierte 3 millones para hacerse su acceso? \u00bfcu\u00e1l es la diferencia?<\/strong>\u201d, dijo el legislador en di\u00e1logo con la radio 105.7 de San Lorenzo<\/p>\n\n\n\n<figure class=\"wp-block-image size-large\"><img loading=\"lazy\" decoding=\"async\" width=\"1024\" height=\"683\" src=\"https:\/\/www.noticiasmas.com.ar\/wp-content\/uploads\/2024\/02\/rasettolegislatura-1024x683.jpg\" alt=\"\" class=\"wp-image-4631\" srcset=\"https:\/\/www.noticiasmas.com.ar\/wp-content\/uploads\/2024\/02\/rasettolegislatura-1024x683.jpg 1024w, https:\/\/www.noticiasmas.com.ar\/wp-content\/uploads\/2024\/02\/rasettolegislatura-300x200.jpg 300w, https:\/\/www.noticiasmas.com.ar\/wp-content\/uploads\/2024\/02\/rasettolegislatura-768x512.jpg 768w, https:\/\/www.noticiasmas.com.ar\/wp-content\/uploads\/2024\/02\/rasettolegislatura-150x100.jpg 150w, https:\/\/www.noticiasmas.com.ar\/wp-content\/uploads\/2024\/02\/rasettolegislatura-696x464.jpg 696w, https:\/\/www.noticiasmas.com.ar\/wp-content\/uploads\/2024\/02\/rasettolegislatura-1068x713.jpg 1068w, https:\/\/www.noticiasmas.com.ar\/wp-content\/uploads\/2024\/02\/rasettolegislatura.jpg 1079w\" sizes=\"auto, (max-width: 1024px) 100vw, 1024px\" \/><\/figure>\n\n\n\n<p>\u201cEl acceso estaba y <strong>era un camino vecinal<\/strong>, y lo usan ya que est\u00e1 para sacar la cosecha. Me parece que no debe ser as\u00ed\u201d, agreg\u00f3 el legislador.<\/p>\n\n\n\n<p>Si bien existen diferencias entre las estimaciones de las \u00e1reas competentes del Estado y los productores, se esperan varios millones de toneladas de cereal saliendo de los puertos del cord\u00f3n industrial, con un tr\u00e1nsito de camiones que superar\u00eda los 15.000 rodados de forma diaria.<\/p>\n\n\n\n<p>\u201cCreo que <strong>es un problema de la Naci\u00f3n que lo resuelve la provincia por descarte<\/strong>, porque alguien se tiene que hacer cargo, por una cuesti\u00f3n de responsabilidad. Si lo que tiene en marcha al pa\u00eds est\u00e1 ac\u00e1, ah\u00ed ten\u00e9s que resolver\u201d, agreg\u00f3 el senador.<\/p>\n","protected":false},"excerpt":{"rendered":"<p>La cosecha crece y los caminos se deterioran. Ante la falta de obras en los accesos a los puertos agroexportadores del cord\u00f3n industrial, aumenta el descontento de todos los sectores de la sociedad por una situaci\u00f3n que se repite a\u00f1o tras a\u00f1o, sin haber en el medio voluntad de mejorar una problem\u00e1tica que afecta severamente [&hellip;]<\/p>\n","protected":false},"author":9,"featured_media":4630,"comment_status":"closed","ping_status":"open","sticky":false,"template":"","format":"standard","meta":{"tdm_status":"","tdm_grid_status":"","footnotes":""},"categories":[13],"tags":[1032,1061,1030,1591],"class_list":{"0":"post-4629","1":"post","2":"type-post","3":"status-publish","4":"format-standard","5":"has-post-thumbnail","7":"category-region","8":"tag-camiones","9":"tag-cordon-industrial","10":"tag-cosecha-gruesa","11":"tag-hugo-rasetto"},"_links":{"self":[{"href":"https:\/\/www.noticiasmas.com.ar\/index.php\/wp-json\/wp\/v2\/posts\/4629","targetHints":{"allow":["GET"]}}],"collection":[{"href":"https:\/\/www.noticiasmas.com.ar\/index.php\/wp-json\/wp\/v2\/posts"}],"about":[{"href":"https:\/\/www.noticiasmas.com.ar\/index.php\/wp-json\/wp\/v2\/types\/post"}],"author":[{"embeddable":true,"href":"https:\/\/www.noticiasmas.com.ar\/index.php\/wp-json\/wp\/v2\/users\/9"}],"replies":[{"embeddable":true,"href":"https:\/\/www.noticiasmas.com.ar\/index.php\/wp-json\/wp\/v2\/comments?post=4629"}],"version-history":[{"count":1,"href":"https:\/\/www.noticiasmas.com.ar\/index.php\/wp-json\/wp\/v2\/posts\/4629\/revisions"}],"predecessor-version":[{"id":4632,"href":"https:\/\/www.noticiasmas.com.ar\/index.php\/wp-json\/wp\/v2\/posts\/4629\/revisions\/4632"}],"wp:featuredmedia":[{"embeddable":true,"href":"https:\/\/www.noticiasmas.com.ar\/index.php\/wp-json\/wp\/v2\/media\/4630"}],"wp:attachment":[{"href":"https:\/\/www.noticiasmas.com.ar\/index.php\/wp-json\/wp\/v2\/media?parent=4629"}],"wp:term":[{"taxonomy":"category","embeddable":true,"href":"https:\/\/www.noticiasmas.com.ar\/index.php\/wp-json\/wp\/v2\/categories?post=4629"},{"taxonomy":"post_tag","embeddable":true,"href":"https:\/\/www.noticiasmas.com.ar\/index.php\/wp-json\/wp\/v2\/tags?post=4629"}],"curies":[{"name":"wp","href":"https:\/\/api.w.org\/{rel}","templated":true}]}}