{"id":4690,"date":"2024-03-01T17:35:25","date_gmt":"2024-03-01T20:35:25","guid":{"rendered":"https:\/\/www.noticiasmas.com.ar\/?p=4690"},"modified":"2024-03-01T17:35:25","modified_gmt":"2024-03-01T20:35:25","slug":"trabajadores-de-la-sanidad-clinicas-y-sanatorios-privados-de-rosario-y-region-lograron-un-46-de-aumento-salarial-para-los-meses-de-febrero-y-marzo","status":"publish","type":"post","link":"https:\/\/www.noticiasmas.com.ar\/index.php\/2024\/03\/01\/trabajadores-de-la-sanidad-clinicas-y-sanatorios-privados-de-rosario-y-region-lograron-un-46-de-aumento-salarial-para-los-meses-de-febrero-y-marzo\/","title":{"rendered":"TRABAJADORES DE LA SANIDAD CL\u00cdNICAS Y SANATORIOS PRIVADOS DE ROSARIO Y REGION LOGRARON UN 46 % DE AUMENTO SALARIAL PARA LOS MESES DE FEBRERO Y MARZO"},"content":{"rendered":"\n<p>Desde la Asociaci\u00f3n de Trabajadores de la Sanidad de Rosario y el sur provincial (Atsa Rosario) dieron a conocer el acuerdo salarial firmado con las c\u00e1maras empresarias del sector. Se logr\u00f3 un aumento aproximado del 46 %.<\/p>\n\n\n\n<p>El mismo comprende un aumento del 30 % acumulativo para los meses de febrero y marzo de 2024, sobre los haberes de diciembre 2023,<\/p>\n\n\n\n<p>Adem\u00e1s, para el mes de marzo se suma un 12 por ciento m\u00e1s, tambi\u00e9n acumulativo sobre los b\u00e1sicos conformados para febrero de 2024.<\/p>\n\n\n\n<p>Beneficia a todo el personal no m\u00e9dico de cl\u00ednicas y sanatorios privados de Rosario y regi\u00f3n: Mucamas, Enfermeros, Personal Administrativo y T\u00e9cnico.<\/p>\n\n\n\n<p>\u201cLos aumentos se aplicar\u00e1n sobre todo adicional de convenio\u201d, explic\u00f3 Javier Ojeda, Secretario General de Atsa Rosario<\/p>\n\n\n\n<p>En tanto, la entidad gremial apunt\u00f3 que las c\u00e1maras empresariales \u201caceptaron la decisi\u00f3n gremial\u201d, que consiste en no efectuar descuentos sobre salarios y adicionales y no aplicar medidas disciplinarias \u201csobre los trabajadores que participaron de toda acci\u00f3n de fuerza propiciada por la entidad gremial de primer grado\u201d, agreg\u00f3 Ojeda<\/p>\n\n\n\n<p>Asimismo, el dirigente gremial destac\u00f3 y agradeci\u00f3 \u201cla gran adhesi\u00f3n de las compa\u00f1eras y compa\u00f1eros en las medidas adoptadas por Atsa Rosario las que dieron como fruto la presente negociaci\u00f3n paritaria\u201d.<\/p>\n","protected":false},"excerpt":{"rendered":"<p>Desde la Asociaci\u00f3n de Trabajadores de la Sanidad de Rosario y el sur provincial (Atsa Rosario) dieron a conocer el acuerdo salarial firmado con las c\u00e1maras empresarias del sector. Se logr\u00f3 un aumento aproximado del 46 %. El mismo comprende un aumento del 30 % acumulativo para los meses de febrero y marzo de 2024, [&hellip;]<\/p>\n","protected":false},"author":5,"featured_media":4691,"comment_status":"closed","ping_status":"open","sticky":false,"template":"","format":"standard","meta":{"tdm_status":"","tdm_grid_status":"","footnotes":""},"categories":[13],"tags":[1704,163,1723],"class_list":{"0":"post-4690","1":"post","2":"type-post","3":"status-publish","4":"format-standard","5":"has-post-thumbnail","7":"category-region","8":"tag-atsa","9":"tag-rosario","10":"tag-sur-provincial"},"_links":{"self":[{"href":"https:\/\/www.noticiasmas.com.ar\/index.php\/wp-json\/wp\/v2\/posts\/4690","targetHints":{"allow":["GET"]}}],"collection":[{"href":"https:\/\/www.noticiasmas.com.ar\/index.php\/wp-json\/wp\/v2\/posts"}],"about":[{"href":"https:\/\/www.noticiasmas.com.ar\/index.php\/wp-json\/wp\/v2\/types\/post"}],"author":[{"embeddable":true,"href":"https:\/\/www.noticiasmas.com.ar\/index.php\/wp-json\/wp\/v2\/users\/5"}],"replies":[{"embeddable":true,"href":"https:\/\/www.noticiasmas.com.ar\/index.php\/wp-json\/wp\/v2\/comments?post=4690"}],"version-history":[{"count":1,"href":"https:\/\/www.noticiasmas.com.ar\/index.php\/wp-json\/wp\/v2\/posts\/4690\/revisions"}],"predecessor-version":[{"id":4692,"href":"https:\/\/www.noticiasmas.com.ar\/index.php\/wp-json\/wp\/v2\/posts\/4690\/revisions\/4692"}],"wp:featuredmedia":[{"embeddable":true,"href":"https:\/\/www.noticiasmas.com.ar\/index.php\/wp-json\/wp\/v2\/media\/4691"}],"wp:attachment":[{"href":"https:\/\/www.noticiasmas.com.ar\/index.php\/wp-json\/wp\/v2\/media?parent=4690"}],"wp:term":[{"taxonomy":"category","embeddable":true,"href":"https:\/\/www.noticiasmas.com.ar\/index.php\/wp-json\/wp\/v2\/categories?post=4690"},{"taxonomy":"post_tag","embeddable":true,"href":"https:\/\/www.noticiasmas.com.ar\/index.php\/wp-json\/wp\/v2\/tags?post=4690"}],"curies":[{"name":"wp","href":"https:\/\/api.w.org\/{rel}","templated":true}]}}