{"id":4742,"date":"2024-03-04T09:23:35","date_gmt":"2024-03-04T12:23:35","guid":{"rendered":"https:\/\/www.noticiasmas.com.ar\/?p=4742"},"modified":"2024-03-04T09:23:36","modified_gmt":"2024-03-04T12:23:36","slug":"comienzo-de-semana-con-sol-y-temperaturas-agradables","status":"publish","type":"post","link":"https:\/\/www.noticiasmas.com.ar\/index.php\/2024\/03\/04\/comienzo-de-semana-con-sol-y-temperaturas-agradables\/","title":{"rendered":"Comienzo de semana con sol y temperaturas agradables"},"content":{"rendered":"\n<p>Seg\u00fan el SMN para hoy la m\u00e1xima prevista para hoy ser\u00e1 de 27\u00b0C. <\/p>\n\n\n\n<p>La jornada comenz\u00f3 con una brisa fresca y una m\u00ednima que llegaba a los 14 grados. <\/p>\n\n\n\n<p>El Servicio Meteorol\u00f3gico Nacional indica para este lunes una m\u00e1xima que llegar\u00e1 a los 27\u00b0C que estar\u00e1n acompa\u00f1ados por viento del sector sur a 3km\/h y un cielo despejado con intervalos nubosos. <\/p>\n\n\n\n<p>Para ma\u00f1ana las condicones ser\u00e1n similares a las de hoy que temperaturas que se mantendr\u00e1n entre los 14\u00b0C de m\u00ednima y los 28 grados de m\u00e1xima. <\/p>\n","protected":false},"excerpt":{"rendered":"<p>Seg\u00fan el SMN para hoy la m\u00e1xima prevista para hoy ser\u00e1 de 27\u00b0C. La jornada comenz\u00f3 con una brisa fresca y una m\u00ednima que llegaba a los 14 grados. El Servicio Meteorol\u00f3gico Nacional indica para este lunes una m\u00e1xima que llegar\u00e1 a los 27\u00b0C que estar\u00e1n acompa\u00f1ados por viento del sector sur a 3km\/h y [&hellip;]<\/p>\n","protected":false},"author":3,"featured_media":2066,"comment_status":"closed","ping_status":"open","sticky":false,"template":"","format":"standard","meta":{"tdm_status":"","tdm_grid_status":"","footnotes":""},"categories":[13],"tags":[138,840],"class_list":{"0":"post-4742","1":"post","2":"type-post","3":"status-publish","4":"format-standard","5":"has-post-thumbnail","7":"category-region","8":"tag-clima","9":"tag-temperaturas"},"_links":{"self":[{"href":"https:\/\/www.noticiasmas.com.ar\/index.php\/wp-json\/wp\/v2\/posts\/4742","targetHints":{"allow":["GET"]}}],"collection":[{"href":"https:\/\/www.noticiasmas.com.ar\/index.php\/wp-json\/wp\/v2\/posts"}],"about":[{"href":"https:\/\/www.noticiasmas.com.ar\/index.php\/wp-json\/wp\/v2\/types\/post"}],"author":[{"embeddable":true,"href":"https:\/\/www.noticiasmas.com.ar\/index.php\/wp-json\/wp\/v2\/users\/3"}],"replies":[{"embeddable":true,"href":"https:\/\/www.noticiasmas.com.ar\/index.php\/wp-json\/wp\/v2\/comments?post=4742"}],"version-history":[{"count":2,"href":"https:\/\/www.noticiasmas.com.ar\/index.php\/wp-json\/wp\/v2\/posts\/4742\/revisions"}],"predecessor-version":[{"id":4744,"href":"https:\/\/www.noticiasmas.com.ar\/index.php\/wp-json\/wp\/v2\/posts\/4742\/revisions\/4744"}],"wp:featuredmedia":[{"embeddable":true,"href":"https:\/\/www.noticiasmas.com.ar\/index.php\/wp-json\/wp\/v2\/media\/2066"}],"wp:attachment":[{"href":"https:\/\/www.noticiasmas.com.ar\/index.php\/wp-json\/wp\/v2\/media?parent=4742"}],"wp:term":[{"taxonomy":"category","embeddable":true,"href":"https:\/\/www.noticiasmas.com.ar\/index.php\/wp-json\/wp\/v2\/categories?post=4742"},{"taxonomy":"post_tag","embeddable":true,"href":"https:\/\/www.noticiasmas.com.ar\/index.php\/wp-json\/wp\/v2\/tags?post=4742"}],"curies":[{"name":"wp","href":"https:\/\/api.w.org\/{rel}","templated":true}]}}