{"id":4862,"date":"2024-03-09T10:10:37","date_gmt":"2024-03-09T13:10:37","guid":{"rendered":"https:\/\/www.noticiasmas.com.ar\/?p=4862"},"modified":"2024-03-09T10:10:37","modified_gmt":"2024-03-09T13:10:37","slug":"la-policia-detuvo-a-12-personas-que-estarian-involucradas-en-el-ataque-al-colectivero","status":"publish","type":"post","link":"https:\/\/www.noticiasmas.com.ar\/index.php\/2024\/03\/09\/la-policia-detuvo-a-12-personas-que-estarian-involucradas-en-el-ataque-al-colectivero\/","title":{"rendered":"La polic\u00eda detuvo a 12 personas que estar\u00edan involucradas en el ataque al colectivero"},"content":{"rendered":"\n<p>La PDI aprehendi\u00f3 a los posibles autores del hecho ocurrido en Mendoza y M\u00e9xico. Adem\u00e1s secuestr\u00f3 una gran cantidad de material importante para la causa.<\/p>\n\n\n\n<p>La Polic\u00eda de Investigaciones (PDI), dependiente del Ministerio de Justicia y Seguridad de la Provincia de Santa Fe, realiz\u00f3 en el mediod\u00eda del viernes un allanamiento en el marco de la causa que investiga la tentativa de homicidio del colectivero de la L\u00ednea K, herido anoche en Mendoza y M\u00e9xico.<br>Como resultado del procedimiento efectuado en Nicaragua al 2200, la Polic\u00eda detuvo a 12 personas, entre los que se encontrar\u00edan el conductor de la moto y el autor de los disparos sobre el colectivero. A su vez, se secuestr\u00f3 ropa que podr\u00eda haber sido utilizada para cometer el hecho, tres motos -entre las que se encontrar\u00eda una similar a la usada por los sospechosos-, 1 cartucho de escopeta, 2 vainas servidas, una funda de pistola, 9 tel\u00e9fonos celulares, 58 chips de celulares, una chapa patente de moto, $ 78.650 en efectivo y 2 hojas con anotaciones.<br>La causa la lleva adelante un equipo creado por la fiscal regional Mar\u00eda Eugenia Iribarren compuesto por los fiscales Patricio Saldutti, Luis Schiappa Pietra, Franco Carbone, Marisol Fabbro y Fernando Dalmau.<br>Las audiencias imputativas se llevar\u00e1n adelante en los pr\u00f3ximos d\u00edas.<\/p>\n","protected":false},"excerpt":{"rendered":"<p>La PDI aprehendi\u00f3 a los posibles autores del hecho ocurrido en Mendoza y M\u00e9xico. Adem\u00e1s secuestr\u00f3 una gran cantidad de material importante para la causa. La Polic\u00eda de Investigaciones (PDI), dependiente del Ministerio de Justicia y Seguridad de la Provincia de Santa Fe, realiz\u00f3 en el mediod\u00eda del viernes un allanamiento en el marco de [&hellip;]<\/p>\n","protected":false},"author":5,"featured_media":4863,"comment_status":"closed","ping_status":"open","sticky":false,"template":"","format":"standard","meta":{"tdm_status":"","tdm_grid_status":"","footnotes":""},"categories":[9],"tags":[96,1851,172,163],"class_list":{"0":"post-4862","1":"post","2":"type-post","3":"status-publish","4":"format-standard","5":"has-post-thumbnail","7":"category-policiales","8":"tag-allanamientos","9":"tag-detenciones","10":"tag-policiales","11":"tag-rosario"},"_links":{"self":[{"href":"https:\/\/www.noticiasmas.com.ar\/index.php\/wp-json\/wp\/v2\/posts\/4862","targetHints":{"allow":["GET"]}}],"collection":[{"href":"https:\/\/www.noticiasmas.com.ar\/index.php\/wp-json\/wp\/v2\/posts"}],"about":[{"href":"https:\/\/www.noticiasmas.com.ar\/index.php\/wp-json\/wp\/v2\/types\/post"}],"author":[{"embeddable":true,"href":"https:\/\/www.noticiasmas.com.ar\/index.php\/wp-json\/wp\/v2\/users\/5"}],"replies":[{"embeddable":true,"href":"https:\/\/www.noticiasmas.com.ar\/index.php\/wp-json\/wp\/v2\/comments?post=4862"}],"version-history":[{"count":1,"href":"https:\/\/www.noticiasmas.com.ar\/index.php\/wp-json\/wp\/v2\/posts\/4862\/revisions"}],"predecessor-version":[{"id":4864,"href":"https:\/\/www.noticiasmas.com.ar\/index.php\/wp-json\/wp\/v2\/posts\/4862\/revisions\/4864"}],"wp:featuredmedia":[{"embeddable":true,"href":"https:\/\/www.noticiasmas.com.ar\/index.php\/wp-json\/wp\/v2\/media\/4863"}],"wp:attachment":[{"href":"https:\/\/www.noticiasmas.com.ar\/index.php\/wp-json\/wp\/v2\/media?parent=4862"}],"wp:term":[{"taxonomy":"category","embeddable":true,"href":"https:\/\/www.noticiasmas.com.ar\/index.php\/wp-json\/wp\/v2\/categories?post=4862"},{"taxonomy":"post_tag","embeddable":true,"href":"https:\/\/www.noticiasmas.com.ar\/index.php\/wp-json\/wp\/v2\/tags?post=4862"}],"curies":[{"name":"wp","href":"https:\/\/api.w.org\/{rel}","templated":true}]}}