{"id":4865,"date":"2024-03-09T10:13:53","date_gmt":"2024-03-09T13:13:53","guid":{"rendered":"https:\/\/www.noticiasmas.com.ar\/?p=4865"},"modified":"2024-03-09T10:13:54","modified_gmt":"2024-03-09T13:13:54","slug":"mas-resultados-positivos-tras-nuevos-allanamientos-por-los-crimenes-de-los-taxistas","status":"publish","type":"post","link":"https:\/\/www.noticiasmas.com.ar\/index.php\/2024\/03\/09\/mas-resultados-positivos-tras-nuevos-allanamientos-por-los-crimenes-de-los-taxistas\/","title":{"rendered":"M\u00e1s resultados positivos tras nuevos allanamientos por los cr\u00edmenes de los taxistas"},"content":{"rendered":"\n<p>La PDI realiz\u00f3 nuevos allanamientos en los que se secuestraron m\u00e1s materiales de importancia para las causas. Esta tarde fue detenido el titular de la l\u00ednea telef\u00f3nica que pidi\u00f3 el taxi al que acudi\u00f3 una de las v\u00edctimas.<\/p>\n\n\n\n<p>La Polic\u00eda de Investigaciones (PDI), dependiente del Ministerio de Justicia y Seguridad de la Provincia de Santa Fe, llev\u00f3 adelante durante la tarde del viernes nuevos allanamientos en Rosario, en el marco de la investigaci\u00f3n las causas que investigan los homicidios de los taxistas H\u00e9ctor Figueroa y Diego Celentano.<br>Durante los procedimientos, que se realizaron en Cochabamba al 5600 y Baigorria al 1700, la polic\u00eda detuvo a Ra\u00fal P. (31 a\u00f1os), el titular de la l\u00ednea telef\u00f3nica que solicit\u00f3 el taxi v\u00eda Whatsapp al que acudi\u00f3 Celentano en Alvear y Garmendia, y secuestr\u00f3 m\u00e1s elementos de relevancia para ambas causas.<br>Como resultado de los allanamientos, 6 personas fueron aprehendidas y se secuestr\u00f3 una totalidad de 25 tel\u00e9fonos celulares, 2 motos, 66 municiones de diferentes calibres, una tablet, una notebook y un par de zapatillas.<br>Cabe destacar que durante la madrugada de hoy se hab\u00edan realizado los primeros allanamientos vinculados a ambas causas, bajo la disposici\u00f3n del equipo creado por la fiscal regional Mar\u00eda Eugenia Iribarren compuesto por los fiscales Patricio Saldutti, Luis Schiappa Pietra, Franco Carbone, Marisol Fabbro y Fernando Dalmau.<br>Las audiencias imputativas se llevar\u00e1n adelante en los pr\u00f3ximos d\u00edas.<\/p>\n","protected":false},"excerpt":{"rendered":"<p>La PDI realiz\u00f3 nuevos allanamientos en los que se secuestraron m\u00e1s materiales de importancia para las causas. Esta tarde fue detenido el titular de la l\u00ednea telef\u00f3nica que pidi\u00f3 el taxi al que acudi\u00f3 una de las v\u00edctimas. La Polic\u00eda de Investigaciones (PDI), dependiente del Ministerio de Justicia y Seguridad de la Provincia de Santa [&hellip;]<\/p>\n","protected":false},"author":5,"featured_media":4866,"comment_status":"closed","ping_status":"open","sticky":false,"template":"","format":"standard","meta":{"tdm_status":"","tdm_grid_status":"","footnotes":""},"categories":[9],"tags":[1851,172,163],"class_list":{"0":"post-4865","1":"post","2":"type-post","3":"status-publish","4":"format-standard","5":"has-post-thumbnail","7":"category-policiales","8":"tag-detenciones","9":"tag-policiales","10":"tag-rosario"},"_links":{"self":[{"href":"https:\/\/www.noticiasmas.com.ar\/index.php\/wp-json\/wp\/v2\/posts\/4865","targetHints":{"allow":["GET"]}}],"collection":[{"href":"https:\/\/www.noticiasmas.com.ar\/index.php\/wp-json\/wp\/v2\/posts"}],"about":[{"href":"https:\/\/www.noticiasmas.com.ar\/index.php\/wp-json\/wp\/v2\/types\/post"}],"author":[{"embeddable":true,"href":"https:\/\/www.noticiasmas.com.ar\/index.php\/wp-json\/wp\/v2\/users\/5"}],"replies":[{"embeddable":true,"href":"https:\/\/www.noticiasmas.com.ar\/index.php\/wp-json\/wp\/v2\/comments?post=4865"}],"version-history":[{"count":1,"href":"https:\/\/www.noticiasmas.com.ar\/index.php\/wp-json\/wp\/v2\/posts\/4865\/revisions"}],"predecessor-version":[{"id":4867,"href":"https:\/\/www.noticiasmas.com.ar\/index.php\/wp-json\/wp\/v2\/posts\/4865\/revisions\/4867"}],"wp:featuredmedia":[{"embeddable":true,"href":"https:\/\/www.noticiasmas.com.ar\/index.php\/wp-json\/wp\/v2\/media\/4866"}],"wp:attachment":[{"href":"https:\/\/www.noticiasmas.com.ar\/index.php\/wp-json\/wp\/v2\/media?parent=4865"}],"wp:term":[{"taxonomy":"category","embeddable":true,"href":"https:\/\/www.noticiasmas.com.ar\/index.php\/wp-json\/wp\/v2\/categories?post=4865"},{"taxonomy":"post_tag","embeddable":true,"href":"https:\/\/www.noticiasmas.com.ar\/index.php\/wp-json\/wp\/v2\/tags?post=4865"}],"curies":[{"name":"wp","href":"https:\/\/api.w.org\/{rel}","templated":true}]}}