{"id":4938,"date":"2024-03-12T17:53:54","date_gmt":"2024-03-12T20:53:54","guid":{"rendered":"https:\/\/www.noticiasmas.com.ar\/?p=4938"},"modified":"2024-03-12T17:53:55","modified_gmt":"2024-03-12T20:53:55","slug":"provincia-abrio-la-convocatoria-a-personal-retirado-de-la-policia-para-realizar-funciones-operativas","status":"publish","type":"post","link":"https:\/\/www.noticiasmas.com.ar\/index.php\/2024\/03\/12\/provincia-abrio-la-convocatoria-a-personal-retirado-de-la-policia-para-realizar-funciones-operativas\/","title":{"rendered":"Provincia abri\u00f3 la convocatoria a personal retirado de la Polic\u00eda para realizar funciones operativas"},"content":{"rendered":"\n<p>El llamado es para desempe\u00f1ar funciones en la Unidad Regional II, en Rosario. Los interesados deben inscribirse, de manera presencial, en el Ministerio de Justicia y Seguridad, Santa Fe 1950 de Rosario, o en las delegaciones del resto de la provincia.<\/p>\n\n\n\n<p>El Gobierno de la provincia de Santa Fe abri\u00f3 la convocatoria a personal retirado de la Polic\u00eda para ser reincorporado en funciones operativas, para la custodia de escuelas, hospitales o edificios p\u00fablicos de la ciudad de Rosario.<\/p>\n\n\n\n<p>El anuncio fue efectuado por el gobernador Maximiliano Pullaro durante la conferencia de prensa que realiz\u00f3, junto a los ministros nacionales de Seguridad, Patricias Bullrich, y de Defensa, Luis Petri, para brindar detalles sobre el trabajo conjunto: \u201cEstamos lanzando, en este momento, una convocatoria a todos los polic\u00edas retirados para cubrir funciones, solamente, operativas. Estamos poniendo todos los recursos necesarios para desentra\u00f1ar esta l\u00f3gica criminal\u201d, precis\u00f3 el mandatario santafesino en esa oportunidad.<\/p>\n\n\n\n<p><strong>Convocatoria<\/strong><\/p>\n\n\n\n<p>La secretaria de Coordinaci\u00f3n T\u00e9cnica y Administraci\u00f3n Financiera del Ministerio de Justicia y Seguridad, Georgina Orciani, explic\u00f3 los detalles de la convocatoria: \u201cEs una medida extraordinaria dentro del marco de la situaci\u00f3n compleja que vive la ciudad de Rosario, y toda la Unidad Regional II. Convocamos a todos los polic\u00edas retirados, por causas ordinarias y que no est\u00e9n condenados por delitos contra la administraci\u00f3n p\u00fablica ni hayan sido exonerados de la fuerza, para que se reincorporen y vuelvan a ser personal activo. La ley N\u00ba14.237, de Emergencia en Seguridad, es la que nos ha posibilitado contar con esta herramienta para recuperar personal operativo\u201d.<\/p>\n\n\n\n<p>Seg\u00fan detall\u00f3 la funcionaria, esta convocatoria es \u201cpara desempe\u00f1ar tareas \u00fanicamente en la ciudad de Rosario\u201d y permitir\u00e1 al gobierno provincial \u201ccontar con un nuevo recurso que posibilita las tareas operativas en edificios p\u00fablicos y que ese personal que hoy est\u00e1 abocado a esas tareas pueda ser volcado a tareas operativas en calle\u201d.<\/p>\n\n\n\n<p>Luego inform\u00f3 que \u201cquienes cumplan con la normativa y puedan ser reincorporados como personal activo\u201d, recibir\u00e1n una remuneraci\u00f3n que significa \u201cel doble de lo que percib\u00edan como personal retirado, por lo cual sus haberes dejan de ser abonados por la Caja de Jubilaciones de la Provincia y pasa a ser personal activo del Ministerio de Justicia y Seguridad de la provincia\u201d.<\/p>\n\n\n\n<p><strong>Inscripciones<\/strong><\/p>\n\n\n\n<p>Los interesados deber\u00e1n inscribirse, de manera presencial, en la ciudad de Rosario, en el Ministerio de Justicia y Seguridad, situado en calle Santa Fe 1950, en el subsuelo, oficina 4; en la ciudad de Santa Fe, en el Ministerio, planta baja, oficina 6; y en las ciudades de Reconquista y Rafaela, en las oficinas de Asuntos Internos; y en Venado Tuerto, en el Nodo Regional.<\/p>\n","protected":false},"excerpt":{"rendered":"<p>El llamado es para desempe\u00f1ar funciones en la Unidad Regional II, en Rosario. Los interesados deben inscribirse, de manera presencial, en el Ministerio de Justicia y Seguridad, Santa Fe 1950 de Rosario, o en las delegaciones del resto de la provincia. El Gobierno de la provincia de Santa Fe abri\u00f3 la convocatoria a personal retirado [&hellip;]<\/p>\n","protected":false},"author":3,"featured_media":2193,"comment_status":"closed","ping_status":"open","sticky":false,"template":"","format":"standard","meta":{"tdm_status":"","tdm_grid_status":"","footnotes":""},"categories":[9],"tags":[1091,1868,177],"class_list":{"0":"post-4938","1":"post","2":"type-post","3":"status-publish","4":"format-standard","5":"has-post-thumbnail","7":"category-policiales","8":"tag-convocatoria","9":"tag-personal-retirado","10":"tag-policia"},"_links":{"self":[{"href":"https:\/\/www.noticiasmas.com.ar\/index.php\/wp-json\/wp\/v2\/posts\/4938","targetHints":{"allow":["GET"]}}],"collection":[{"href":"https:\/\/www.noticiasmas.com.ar\/index.php\/wp-json\/wp\/v2\/posts"}],"about":[{"href":"https:\/\/www.noticiasmas.com.ar\/index.php\/wp-json\/wp\/v2\/types\/post"}],"author":[{"embeddable":true,"href":"https:\/\/www.noticiasmas.com.ar\/index.php\/wp-json\/wp\/v2\/users\/3"}],"replies":[{"embeddable":true,"href":"https:\/\/www.noticiasmas.com.ar\/index.php\/wp-json\/wp\/v2\/comments?post=4938"}],"version-history":[{"count":1,"href":"https:\/\/www.noticiasmas.com.ar\/index.php\/wp-json\/wp\/v2\/posts\/4938\/revisions"}],"predecessor-version":[{"id":4939,"href":"https:\/\/www.noticiasmas.com.ar\/index.php\/wp-json\/wp\/v2\/posts\/4938\/revisions\/4939"}],"wp:featuredmedia":[{"embeddable":true,"href":"https:\/\/www.noticiasmas.com.ar\/index.php\/wp-json\/wp\/v2\/media\/2193"}],"wp:attachment":[{"href":"https:\/\/www.noticiasmas.com.ar\/index.php\/wp-json\/wp\/v2\/media?parent=4938"}],"wp:term":[{"taxonomy":"category","embeddable":true,"href":"https:\/\/www.noticiasmas.com.ar\/index.php\/wp-json\/wp\/v2\/categories?post=4938"},{"taxonomy":"post_tag","embeddable":true,"href":"https:\/\/www.noticiasmas.com.ar\/index.php\/wp-json\/wp\/v2\/tags?post=4938"}],"curies":[{"name":"wp","href":"https:\/\/api.w.org\/{rel}","templated":true}]}}