{"id":5635,"date":"2024-04-09T18:16:14","date_gmt":"2024-04-09T21:16:14","guid":{"rendered":"https:\/\/www.noticiasmas.com.ar\/?p=5635"},"modified":"2024-04-09T18:16:15","modified_gmt":"2024-04-09T21:16:15","slug":"rosario-detenidos-en-30-allanamientos-por-las-causas-de-narcoterrorismo","status":"publish","type":"post","link":"https:\/\/www.noticiasmas.com.ar\/index.php\/2024\/04\/09\/rosario-detenidos-en-30-allanamientos-por-las-causas-de-narcoterrorismo\/","title":{"rendered":"Rosario: detenidos en 30 allanamientos por las causas de narcoterrorismo"},"content":{"rendered":"\n<p>\u201cQuiero destacar el profesionalismo de nuestra polic\u00eda y el compromiso de los fiscales. El Estado est\u00e1 unido, somos m\u00e1s fuertes que cualquier organizaci\u00f3n criminal\u201d, dijo el gobernador esta ma\u00f1ana con respecto a los operativos realizados en Rosario. Al mediod\u00eda se brindaron detalles de los allanamientos y detenciones en las causas por la muerte de dos taxistas, un colectivero y un trabajador de estaci\u00f3n de servicio.<\/p>\n\n\n\n<p>El ministro de Justicia y Seguridad provincial, Pablo Cococcioni; la fiscal General, Mar\u00eda Cecilia Vranicich; el fiscal Regional Mat\u00edas Merlo; los fiscales Patricio Saldutti y Adri\u00e1n Spelta; el titular de la PDI, Natalio Marciani y el director Nacional de Prevenci\u00f3n del Delito, Germ\u00e1n Pugnaloni, brindaron detalles sobre los allanamientos y detenciones realizadas por los homicidios de los taxistas H\u00e9ctor Figueroa y Diego Celentano, del colectivero Marcos Daloia y del playero Bruno Bussanich, la balacera contra la Comisar\u00eda 12\u00aa de Rosario y el abuso de arma a un colectivo de la l\u00ednea 122.<br>Previamente, por la ma\u00f1ana, el gobernador Maximiliano Pullaro hab\u00eda manifestado: \u201c30 allanamientos en Rosario con resultados importantes por causas de narcoterrorismo. Quiero destacar el profesionalismo de nuestra polic\u00eda y el compromiso de los fiscales. El Estado est\u00e1 unido, somos m\u00e1s fuertes que cualquier organizaci\u00f3n criminal y vamos a llegar a los responsables\u201d.<br>\u201cLos santafesinos y el pa\u00eds deben saber que no hay impunidad. Hoy dimos un paso adelante importante, con una fuerte coordinaci\u00f3n y respaldo federal. Sabemos que falta mucho por hacer en la lucha contra las mafias\u201d, concluy\u00f3 Pullaro.<br>El ministro de Justicia y Seguridad, Pablo Cococcioni, en declaraciones a la prensa, explic\u00f3 que participaron de la investigaci\u00f3n \u201ctanto la Polic\u00eda de Santa Fe como la Polic\u00eda de Investigaciones (PDI) y las Tropas de Operaciones Especiales (TOE). Se trata de un procedimiento muy voluminoso, pero que tiene la caracter\u00edstica de haber sido perfectamente coordinado entre el ministerio, las agencias investigativas policiales y con el apoyo del Ministerio de Seguridad de la Naci\u00f3n y en el marco de una intervenci\u00f3n coordinada entre fuerzas provinciales y federales\u201d.<br>\u201cSe terminaron los tiempos donde la responsabilidad siempre es del otro. Frente a la criminalidad organizada, el Estado en todos sus niveles debe responder unido, con contundencia y sin distinci\u00f3n de partidismo pol\u00edtico\u201d, resalt\u00f3.<br>En principio, Vranicich inform\u00f3 que se realizaron \u201calrededor de 30 allanamientos, con detenci\u00f3n de personas menores y mayores de edad\u201d y expres\u00f3: \u201cEsto se ha logrado por una madurez interinstitucional, porque el Ministerio P\u00fablico de la Acusaci\u00f3n ha trabajado coordinadamente con la Justicia de Menores, junto al Ministerio de Justicia y Seguridad de la provincia, a trav\u00e9s de la PDI, y tambi\u00e9n hemos trabajado intensamente con el Ministerio de Seguridad de Naci\u00f3n\u201d.<br>Por su parte, el fiscal Spelta aclar\u00f3 que \u201cno se podr\u00e1 brindar mucha informaci\u00f3n hasta la audiencia que se va a celebrar el d\u00eda martes, donde se imputar\u00e1n con mayor precisi\u00f3n los roles\u201d. \u201cPodemos decir que los hechos que nos toc\u00f3 investigar estaban claramente coordinados\u201d, dijo y agreg\u00f3: \u201cEst\u00e1n identificados, mencionados y detenidos muchos de los autores materiales y que en muchos de estos casos fue necesario subir en la cadena de mando y llegar a la mayor\u00eda de los autores intelectuales\u201d.<br>A continuaci\u00f3n, el funcionario judicial explic\u00f3 que \u201cla mayor\u00eda de ellos ya formaba parte de investigaciones previas, no es un hecho de autores primarios, se trata de autores que tienen antecedentes y ven\u00edan cumpliendo roles delictivos\u201d. \u201cEs apresurado afirmar un m\u00f3vil, lo que podemos decir es que hay un grupo que se arm\u00f3 para cometer estos hechos\u201d, remarc\u00f3.<br>Finalmente, el director Nacional de Prevenci\u00f3n del Delito, Germ\u00e1n Pugnaloni, remarc\u00f3 la importancia de \u201cgenerar un debate sobre la baja de la edad de imputabilidad, ya que en estos casos hay menores involucrados\u201d y record\u00f3 que \u201cdesde la implementaci\u00f3n del Operativo Bandera que se est\u00e1 llevando a cabo en territorio\u201d, se trabaja de manera coordinada \u201cponiendo todos los recursos con que cuenta el Estado Nacional a disposici\u00f3n de la ciudad de Rosario, de los santafesinos, por expresa instrucci\u00f3n del Presidente de la Naci\u00f3n y de la Ministra Bullrich\u201d. \u201cSe han puesto fuerzas federales no solo en el territorio, sino en investigaci\u00f3n que han trabajado sesudamente en el marco de todas estas investigaciones que se llevaron a cabo por estos actos de terrorismo y que hoy empieza a encontrar un resultado esa labor\u201d, concluy\u00f3.<br>La actividad se realiz\u00f3 este martes, en la sala Rodolfo Walsh de la sede de Gobierno en la ciudad de Rosario, con la presencia del intendente Pablo Javkin y la diputada provincial, Clara Garc\u00eda, entre otras autoridades provinciales y judiciales.<\/p>\n","protected":false},"excerpt":{"rendered":"<p>\u201cQuiero destacar el profesionalismo de nuestra polic\u00eda y el compromiso de los fiscales. El Estado est\u00e1 unido, somos m\u00e1s fuertes que cualquier organizaci\u00f3n criminal\u201d, dijo el gobernador esta ma\u00f1ana con respecto a los operativos realizados en Rosario. Al mediod\u00eda se brindaron detalles de los allanamientos y detenciones en las causas por la muerte de dos [&hellip;]<\/p>\n","protected":false},"author":5,"featured_media":5636,"comment_status":"closed","ping_status":"open","sticky":false,"template":"","format":"standard","meta":{"tdm_status":"","tdm_grid_status":"","footnotes":""},"categories":[9],"tags":[96,121,2068,163],"class_list":{"0":"post-5635","1":"post","2":"type-post","3":"status-publish","4":"format-standard","5":"has-post-thumbnail","7":"category-policiales","8":"tag-allanamientos","9":"tag-detenidos","10":"tag-narcotrafico-2","11":"tag-rosario"},"_links":{"self":[{"href":"https:\/\/www.noticiasmas.com.ar\/index.php\/wp-json\/wp\/v2\/posts\/5635","targetHints":{"allow":["GET"]}}],"collection":[{"href":"https:\/\/www.noticiasmas.com.ar\/index.php\/wp-json\/wp\/v2\/posts"}],"about":[{"href":"https:\/\/www.noticiasmas.com.ar\/index.php\/wp-json\/wp\/v2\/types\/post"}],"author":[{"embeddable":true,"href":"https:\/\/www.noticiasmas.com.ar\/index.php\/wp-json\/wp\/v2\/users\/5"}],"replies":[{"embeddable":true,"href":"https:\/\/www.noticiasmas.com.ar\/index.php\/wp-json\/wp\/v2\/comments?post=5635"}],"version-history":[{"count":1,"href":"https:\/\/www.noticiasmas.com.ar\/index.php\/wp-json\/wp\/v2\/posts\/5635\/revisions"}],"predecessor-version":[{"id":5637,"href":"https:\/\/www.noticiasmas.com.ar\/index.php\/wp-json\/wp\/v2\/posts\/5635\/revisions\/5637"}],"wp:featuredmedia":[{"embeddable":true,"href":"https:\/\/www.noticiasmas.com.ar\/index.php\/wp-json\/wp\/v2\/media\/5636"}],"wp:attachment":[{"href":"https:\/\/www.noticiasmas.com.ar\/index.php\/wp-json\/wp\/v2\/media?parent=5635"}],"wp:term":[{"taxonomy":"category","embeddable":true,"href":"https:\/\/www.noticiasmas.com.ar\/index.php\/wp-json\/wp\/v2\/categories?post=5635"},{"taxonomy":"post_tag","embeddable":true,"href":"https:\/\/www.noticiasmas.com.ar\/index.php\/wp-json\/wp\/v2\/tags?post=5635"}],"curies":[{"name":"wp","href":"https:\/\/api.w.org\/{rel}","templated":true}]}}