{"id":5638,"date":"2024-04-09T18:21:23","date_gmt":"2024-04-09T21:21:23","guid":{"rendered":"https:\/\/www.noticiasmas.com.ar\/?p=5638"},"modified":"2024-04-09T18:21:23","modified_gmt":"2024-04-09T21:21:23","slug":"gremio-de-la-carne-pide-atencion-de-la-provincia-luego-del-ataque-al-sindicato-y-mas-agresiones-a-frigorificos-del-sector","status":"publish","type":"post","link":"https:\/\/www.noticiasmas.com.ar\/index.php\/2024\/04\/09\/gremio-de-la-carne-pide-atencion-de-la-provincia-luego-del-ataque-al-sindicato-y-mas-agresiones-a-frigorificos-del-sector\/","title":{"rendered":"GREMIO DE LA CARNE PIDE ATENCI\u00d3N DE LA PROVINCIA LUEGO DEL ATAQUE AL SINDICATO Y M\u00c1S AGRESIONES A FRIGOR\u00cdFICOS DEL SECTOR"},"content":{"rendered":"\n<p>La situaci\u00f3n que atraviesa el Sindicato de la Carne en Rosario mantiene \u201cpreocupado\u201d a su conducci\u00f3n gremial y en ese sentido, Jos\u00e9 Beto Fantini ha pedido a la provincia \u201ccorrdores seguros\u201d.<\/p>\n\n\n\n<p>Cabe recordar que el gremio fue atacado la noche del mi\u00e9rcoles pasado con combustible, fuego y tiros. Adem\u00e1s, dejaron una nota amenazante. La misma noche dos motos de trabajadores de un frigor\u00edfico fueron incendiadas en el galp\u00f3n bicicletero de la firma Paladini en Villa Gobernador G\u00e1lvez y a esto se agrega que en la noche del pasado domingo dos hombres en moto atacaron a un cami\u00f3n del frigor\u00edfico Swift con una bomba molotov, en el ingreso al predio de Villa Gobernador G\u00e1lvez.<\/p>\n\n\n\n<p>Por lo pronto, el titular del gremio de la carne no aduce la situaci\u00f3n a una interna gremial. \u201cHubo elecci\u00f3n hace poco, hace mas de cinco periodo en Rosario que no tenemos oposici\u00f3n , no hay ning\u00fan tipo de interna sindical as\u00ed que ahora estamos en manos de la justicia\u201d, plante\u00f3 Fantini<\/p>\n\n\n\n<p>Asimismo agreg\u00f3: \u201cSe est\u00e1 investigando. No sabemos de d\u00f3nde viene porque a nosotros no nos han pedido nada como ocurre en algunos casos donde se ofrecen como protecci\u00f3n, eso no ha pasado\u201d.<\/p>\n\n\n\n<p>Por lo pronto, Fantini se\u00f1al\u00f3 que el sindicato \u201cesta con las puertas abiertas, recibiendo a los afiliados, haciendo nuestro trabajo\u201d. Este martes estoy en Buenos Aires iniciando paritarias y seguiremos la semana que viene, es decir ocup\u00e1ndonos de lo nuestro en este momento tan dif\u00edcil que estamos pasando\u201d.<\/p>\n\n\n\n<p>Adem\u00e1s, el dirigente gremial indic\u00f3 en relaci\u00f3n al ataque al gremio que, \u201cno somos los \u00fanicos\u201d. Al respecto, Fantini record\u00f3 situaciones similares en otras entidades gremiales en Rosario como el caso de Urgara y Empleados de Comercio en su momento.<\/p>\n\n\n\n<p>\u201cHa habido varios ataques en contra de instituciones y nos preocupa sobremanera porque la gente nuestra deambula por la zona sur, como saben que entran a las tres, cuatro de la ma\u00f1ana y estamos preocupados por eso, que no le pase nada a nuestra gente\u201d, alert\u00f3 el referente del Sindicato de la Carne<\/p>\n\n\n\n<p>Y a paso seguido Fantini realiz\u00f3 un pedido al gobierno de la provincia: : \u201cEsperemos que la provincia, a trav\u00e9s del gobernador que en su momento era el secretario de seguridad nos preste atenci\u00f3n, brind\u00e1ndonos alg\u00fan corredor seguro para nuestra gente\u201d, plante\u00f3<\/p>\n\n\n\n<p>\u201cNecesitamos que nos den la importancia que tienen estas cosas. Desde seguridad de la provincia no nos ha llamado nadie, solamente la fiscal\u00eda que ha estado en contacto conmigo a trav\u00e9s de la PDI\u201d, complet\u00f3 Fantini<\/p>\n","protected":false},"excerpt":{"rendered":"<p>La situaci\u00f3n que atraviesa el Sindicato de la Carne en Rosario mantiene \u201cpreocupado\u201d a su conducci\u00f3n gremial y en ese sentido, Jos\u00e9 Beto Fantini ha pedido a la provincia \u201ccorrdores seguros\u201d. Cabe recordar que el gremio fue atacado la noche del mi\u00e9rcoles pasado con combustible, fuego y tiros. Adem\u00e1s, dejaron una nota amenazante. La misma [&hellip;]<\/p>\n","protected":false},"author":5,"featured_media":5639,"comment_status":"closed","ping_status":"open","sticky":false,"template":"","format":"standard","meta":{"tdm_status":"","tdm_grid_status":"","footnotes":""},"categories":[13],"tags":[163,2069],"class_list":{"0":"post-5638","1":"post","2":"type-post","3":"status-publish","4":"format-standard","5":"has-post-thumbnail","7":"category-region","8":"tag-rosario","9":"tag-sindicato-de-la-carne"},"_links":{"self":[{"href":"https:\/\/www.noticiasmas.com.ar\/index.php\/wp-json\/wp\/v2\/posts\/5638","targetHints":{"allow":["GET"]}}],"collection":[{"href":"https:\/\/www.noticiasmas.com.ar\/index.php\/wp-json\/wp\/v2\/posts"}],"about":[{"href":"https:\/\/www.noticiasmas.com.ar\/index.php\/wp-json\/wp\/v2\/types\/post"}],"author":[{"embeddable":true,"href":"https:\/\/www.noticiasmas.com.ar\/index.php\/wp-json\/wp\/v2\/users\/5"}],"replies":[{"embeddable":true,"href":"https:\/\/www.noticiasmas.com.ar\/index.php\/wp-json\/wp\/v2\/comments?post=5638"}],"version-history":[{"count":1,"href":"https:\/\/www.noticiasmas.com.ar\/index.php\/wp-json\/wp\/v2\/posts\/5638\/revisions"}],"predecessor-version":[{"id":5640,"href":"https:\/\/www.noticiasmas.com.ar\/index.php\/wp-json\/wp\/v2\/posts\/5638\/revisions\/5640"}],"wp:featuredmedia":[{"embeddable":true,"href":"https:\/\/www.noticiasmas.com.ar\/index.php\/wp-json\/wp\/v2\/media\/5639"}],"wp:attachment":[{"href":"https:\/\/www.noticiasmas.com.ar\/index.php\/wp-json\/wp\/v2\/media?parent=5638"}],"wp:term":[{"taxonomy":"category","embeddable":true,"href":"https:\/\/www.noticiasmas.com.ar\/index.php\/wp-json\/wp\/v2\/categories?post=5638"},{"taxonomy":"post_tag","embeddable":true,"href":"https:\/\/www.noticiasmas.com.ar\/index.php\/wp-json\/wp\/v2\/tags?post=5638"}],"curies":[{"name":"wp","href":"https:\/\/api.w.org\/{rel}","templated":true}]}}