{"id":5796,"date":"2024-04-14T20:11:55","date_gmt":"2024-04-14T23:11:55","guid":{"rendered":"https:\/\/www.noticiasmas.com.ar\/?p=5796"},"modified":"2024-04-14T20:11:56","modified_gmt":"2024-04-14T23:11:56","slug":"noveno-puesto-para-el-bermudense-fabian-yannantuoni-en-la-primera-fecha-del-tcr-south-america-en-interlagos","status":"publish","type":"post","link":"https:\/\/www.noticiasmas.com.ar\/index.php\/2024\/04\/14\/noveno-puesto-para-el-bermudense-fabian-yannantuoni-en-la-primera-fecha-del-tcr-south-america-en-interlagos\/","title":{"rendered":"Noveno puesto para el bermudense Fabi\u00e1n Yannantuoni en la primera fecha del TCR South Am\u00e9rica en Interlagos"},"content":{"rendered":"\n<p><\/p>\n\n\n\n<p><\/p>\n\n\n\n<p>El piloto bermudense Fabi\u00e1n Yannantuoni junto a su dupla, el espa\u00f1ol Quique Bord\u00e1s, finalizaron en el noveno puesto de la primera fecha del campeonato de TCR South America disputada en el Aut\u00f3dromo Jos\u00e9 Carlos Pace de Interlagos, Brasil.<\/p>\n\n\n\n<p>Tras una muy buena largada con el Toyota Corolla del equipo Paladini Racing, el bermudense logr\u00f3 completar los primeros 50 minutos de la competencia quedando en el s\u00e9ptimo puesto.<\/p>\n\n\n\n<figure class=\"wp-block-image size-full\"><img loading=\"lazy\" decoding=\"async\" width=\"718\" height=\"383\" src=\"https:\/\/www.noticiasmas.com.ar\/wp-content\/uploads\/2024\/04\/WhatsApp-Image-2024-04-14-at-19.45.03.jpeg\" alt=\"\" class=\"wp-image-5798\" srcset=\"https:\/\/www.noticiasmas.com.ar\/wp-content\/uploads\/2024\/04\/WhatsApp-Image-2024-04-14-at-19.45.03.jpeg 718w, https:\/\/www.noticiasmas.com.ar\/wp-content\/uploads\/2024\/04\/WhatsApp-Image-2024-04-14-at-19.45.03-300x160.jpeg 300w, https:\/\/www.noticiasmas.com.ar\/wp-content\/uploads\/2024\/04\/WhatsApp-Image-2024-04-14-at-19.45.03-150x80.jpeg 150w, https:\/\/www.noticiasmas.com.ar\/wp-content\/uploads\/2024\/04\/WhatsApp-Image-2024-04-14-at-19.45.03-696x371.jpeg 696w\" sizes=\"auto, (max-width: 718px) 100vw, 718px\" \/><\/figure>\n\n\n\n<p>Ya en la segunda parte de esta competencia Endurance a 100 minutos de carrera, el espa\u00f1ol Quique Bord\u00e1s acariciaba la cuarta posici\u00f3n de la carrera, pero a menos de dos vuelta del final el veh\u00edculo no tuvo m\u00e1s combustible y no pudieron completar el total de la carrera.<\/p>\n\n\n\n<p>La victoria en Interlagos fue para Raphael Reis y Lucas Foresti con el Cupra, mientras que completar el podio netamente brasile\u00f1o Pedro Cardoso y Celse Neto y Gullherme Reischl junto a Guilherme Salas.<\/p>\n\n\n\n<p>La segunda fecha del TCR South Am\u00e9rica ser\u00e1 el pr\u00f3ximo domingo 2 de mayo en Cascavel, otro de los circuitos en tierras brasile\u00f1as que tiene este campeonato. <\/p>\n","protected":false},"excerpt":{"rendered":"<p>El piloto bermudense Fabi\u00e1n Yannantuoni junto a su dupla, el espa\u00f1ol Quique Bord\u00e1s, finalizaron en el noveno puesto de la primera fecha del campeonato de TCR South America disputada en el Aut\u00f3dromo Jos\u00e9 Carlos Pace de Interlagos, Brasil. Tras una muy buena largada con el Toyota Corolla del equipo Paladini Racing, el bermudense logr\u00f3 completar [&hellip;]<\/p>\n","protected":false},"author":9,"featured_media":5799,"comment_status":"closed","ping_status":"open","sticky":false,"template":"","format":"standard","meta":{"tdm_status":"","tdm_grid_status":"","footnotes":""},"categories":[10],"tags":[305,73,247,547,2104,2106,2105],"class_list":{"0":"post-5796","1":"post","2":"type-post","3":"status-publish","4":"format-standard","5":"has-post-thumbnail","7":"category-deportes","8":"tag-automovilismo","9":"tag-brasil","10":"tag-capitan-bermudez","11":"tag-carreras","12":"tag-fabian-yannantuoni","13":"tag-interlagos","14":"tag-tcr-south-america"},"_links":{"self":[{"href":"https:\/\/www.noticiasmas.com.ar\/index.php\/wp-json\/wp\/v2\/posts\/5796","targetHints":{"allow":["GET"]}}],"collection":[{"href":"https:\/\/www.noticiasmas.com.ar\/index.php\/wp-json\/wp\/v2\/posts"}],"about":[{"href":"https:\/\/www.noticiasmas.com.ar\/index.php\/wp-json\/wp\/v2\/types\/post"}],"author":[{"embeddable":true,"href":"https:\/\/www.noticiasmas.com.ar\/index.php\/wp-json\/wp\/v2\/users\/9"}],"replies":[{"embeddable":true,"href":"https:\/\/www.noticiasmas.com.ar\/index.php\/wp-json\/wp\/v2\/comments?post=5796"}],"version-history":[{"count":1,"href":"https:\/\/www.noticiasmas.com.ar\/index.php\/wp-json\/wp\/v2\/posts\/5796\/revisions"}],"predecessor-version":[{"id":5800,"href":"https:\/\/www.noticiasmas.com.ar\/index.php\/wp-json\/wp\/v2\/posts\/5796\/revisions\/5800"}],"wp:featuredmedia":[{"embeddable":true,"href":"https:\/\/www.noticiasmas.com.ar\/index.php\/wp-json\/wp\/v2\/media\/5799"}],"wp:attachment":[{"href":"https:\/\/www.noticiasmas.com.ar\/index.php\/wp-json\/wp\/v2\/media?parent=5796"}],"wp:term":[{"taxonomy":"category","embeddable":true,"href":"https:\/\/www.noticiasmas.com.ar\/index.php\/wp-json\/wp\/v2\/categories?post=5796"},{"taxonomy":"post_tag","embeddable":true,"href":"https:\/\/www.noticiasmas.com.ar\/index.php\/wp-json\/wp\/v2\/tags?post=5796"}],"curies":[{"name":"wp","href":"https:\/\/api.w.org\/{rel}","templated":true}]}}