{"id":5877,"date":"2024-04-17T11:55:49","date_gmt":"2024-04-17T14:55:49","guid":{"rendered":"https:\/\/www.noticiasmas.com.ar\/?p=5877"},"modified":"2024-04-17T11:55:51","modified_gmt":"2024-04-17T14:55:51","slug":"concejal-bermudense-propuso-que-los-municipales-tengan-un-dia-de-duelo-cuando-fallecen-sus-mascotas","status":"publish","type":"post","link":"https:\/\/www.noticiasmas.com.ar\/index.php\/2024\/04\/17\/concejal-bermudense-propuso-que-los-municipales-tengan-un-dia-de-duelo-cuando-fallecen-sus-mascotas\/","title":{"rendered":"Concejal bermudense propuso que los municipales tengan un d\u00eda de duelo cuando fallecen sus mascotas"},"content":{"rendered":"\n<p><\/p>\n\n\n\n<p><\/p>\n\n\n\n<p>Un concejal de la ciudad de<strong> Capit\u00e1n Berm\u00fadez<\/strong> ingres\u00f3 un proyecto al \u00f3rgano legislativo local proponiendo un <strong>\u201cd\u00eda de permiso laboral por fallecimiento de mascota\u201d.<\/strong><\/p>\n\n\n\n<p>Se trata del radical Emanuel Lastra, hoy parte de la oposici\u00f3n. El edil present\u00f3 el proyecto ya que entiende que \u201clas mascotas son nuestra familia, vemos como crecen y compartimos grandes momentos, son nuestro apoyo y quienes siempre est\u00e1n, en las buenas y en las malas\u201d.<\/p>\n\n\n\n<p>El d\u00eda de duelo corresponder\u00eda al<strong> trabajador o la trabajadora municipal que justifique el fallecimiento de su mascota<\/strong>, de ese modo podr\u00eda tomarse un franco justificado de aprobarse este proyecto.<\/p>\n\n\n\n<p>\u201cCreemos que se debe reconocer el duelo y dar la posibilidad a quienes desean, dentro de la administraci\u00f3n p\u00fablica, de tomarse un d\u00eda\u201d, agreg\u00f3.<\/p>\n","protected":false},"excerpt":{"rendered":"<p>Un concejal de la ciudad de Capit\u00e1n Berm\u00fadez ingres\u00f3 un proyecto al \u00f3rgano legislativo local proponiendo un \u201cd\u00eda de permiso laboral por fallecimiento de mascota\u201d. Se trata del radical Emanuel Lastra, hoy parte de la oposici\u00f3n. El edil present\u00f3 el proyecto ya que entiende que \u201clas mascotas son nuestra familia, vemos como crecen y compartimos [&hellip;]<\/p>\n","protected":false},"author":9,"featured_media":5879,"comment_status":"closed","ping_status":"open","sticky":false,"template":"","format":"standard","meta":{"tdm_status":"","tdm_grid_status":"","footnotes":""},"categories":[13],"tags":[247,68,2124,2123],"class_list":{"0":"post-5877","1":"post","2":"type-post","3":"status-publish","4":"format-standard","5":"has-post-thumbnail","7":"category-region","8":"tag-capitan-bermudez","9":"tag-concejo-municipal","10":"tag-duelo","11":"tag-mascotas"},"_links":{"self":[{"href":"https:\/\/www.noticiasmas.com.ar\/index.php\/wp-json\/wp\/v2\/posts\/5877","targetHints":{"allow":["GET"]}}],"collection":[{"href":"https:\/\/www.noticiasmas.com.ar\/index.php\/wp-json\/wp\/v2\/posts"}],"about":[{"href":"https:\/\/www.noticiasmas.com.ar\/index.php\/wp-json\/wp\/v2\/types\/post"}],"author":[{"embeddable":true,"href":"https:\/\/www.noticiasmas.com.ar\/index.php\/wp-json\/wp\/v2\/users\/9"}],"replies":[{"embeddable":true,"href":"https:\/\/www.noticiasmas.com.ar\/index.php\/wp-json\/wp\/v2\/comments?post=5877"}],"version-history":[{"count":1,"href":"https:\/\/www.noticiasmas.com.ar\/index.php\/wp-json\/wp\/v2\/posts\/5877\/revisions"}],"predecessor-version":[{"id":5880,"href":"https:\/\/www.noticiasmas.com.ar\/index.php\/wp-json\/wp\/v2\/posts\/5877\/revisions\/5880"}],"wp:featuredmedia":[{"embeddable":true,"href":"https:\/\/www.noticiasmas.com.ar\/index.php\/wp-json\/wp\/v2\/media\/5879"}],"wp:attachment":[{"href":"https:\/\/www.noticiasmas.com.ar\/index.php\/wp-json\/wp\/v2\/media?parent=5877"}],"wp:term":[{"taxonomy":"category","embeddable":true,"href":"https:\/\/www.noticiasmas.com.ar\/index.php\/wp-json\/wp\/v2\/categories?post=5877"},{"taxonomy":"post_tag","embeddable":true,"href":"https:\/\/www.noticiasmas.com.ar\/index.php\/wp-json\/wp\/v2\/tags?post=5877"}],"curies":[{"name":"wp","href":"https:\/\/api.w.org\/{rel}","templated":true}]}}