{"id":5957,"date":"2024-04-19T13:56:53","date_gmt":"2024-04-19T16:56:53","guid":{"rendered":"https:\/\/www.noticiasmas.com.ar\/?p=5957"},"modified":"2024-04-19T13:56:54","modified_gmt":"2024-04-19T16:56:54","slug":"la-provincia-brinda-atencion-sanitaria-en-el-operativo-cosecha","status":"publish","type":"post","link":"https:\/\/www.noticiasmas.com.ar\/index.php\/2024\/04\/19\/la-provincia-brinda-atencion-sanitaria-en-el-operativo-cosecha\/","title":{"rendered":"La Provincia brinda atenci\u00f3n sanitaria en el Operativo Cosecha"},"content":{"rendered":"\n<p>A trav\u00e9s del SIES 107, el equipo de salud p\u00fablica participa del trabajo coordinado para asegurar el tr\u00e1nsito de camiones por las rutas santafesinas. No s\u00f3lo se brinda atenci\u00f3n de emergencias sino tambi\u00e9n se coordina con equipos de salud de las localidades que abarca el operativo en temas como vacunaci\u00f3n y prevenci\u00f3n de dengue.<\/p>\n\n\n\n<p>Las bases del SIES 107 de las localidades relacionadas con la actividad portuaria son parte del trabajo que coordina el Gobierno de la Provincia de Santa Fe para garantizar el tr\u00e1nsito seguro en tiempos de cosecha. En el operativo se contempla el trabajo coordinado de la Agencia Provincial de Seguridad Vial, Protecci\u00f3n Civil, en equipo con los ministerios de Gobierno e Innovaci\u00f3n; Desarrollo Productivo; Justicia y Seguridad; y Obras P\u00fablicas.<\/p>\n\n\n\n<p>En este marco, el Ministerio de Salud <strong>garantiza la cobertura sanitaria a trav\u00e9s de la red de efectores de las localidades involucradas, en articulaci\u00f3n con el SIES 107.<\/strong> En <strong>Villa La Ribera,<\/strong> se instal\u00f3 el cami\u00f3n sanitario donde se dispone de consultorios y personal de enfermer\u00eda, que brinda <strong>atenci\u00f3n de 8 a 20; y una ambulancia para la atenci\u00f3n de emergencias y el traslado.\u00a0<\/strong><\/p>\n\n\n\n<p>As\u00ed, personal del <strong>Samco de Andino y del Hospital de San Lorenzo<\/strong> vacunaron contra la Fiebre Hemorr\u00e1gica Argentina (FHA) a quienes se deten\u00edan en el paraje y alrededores, teniendo en cuenta que la enfermedad es end\u00e9mica en el sur provincial. Tambi\u00e9n se brind\u00f3 la posibilidad de <strong>completar el esquema del Calendario Naciona<\/strong>l, as\u00ed como tambi\u00e9n de recibir la<strong> vacuna antigripal a quienes est\u00e1n contemplados en la campa\u00f1a 2024. <\/strong>El contacto con los equipos de salud tambi\u00e9n permite realizar <strong>acciones de prevenci\u00f3n de dengue y controles generales, de presi\u00f3n y glucemia.<\/strong> Para las pr\u00f3ximas semanas se <strong>proyectan tareas de capacitaci\u00f3n en RCP y continuar con inmunizaci\u00f3n y acciones de prevenci\u00f3n.<\/strong><\/p>\n\n\n\n<figure class=\"wp-block-image size-large\"><img loading=\"lazy\" decoding=\"async\" width=\"1024\" height=\"684\" src=\"https:\/\/www.noticiasmas.com.ar\/wp-content\/uploads\/2024\/04\/WhatsApp-Image-2024-04-19-at-12.13.43-1024x684.jpeg\" alt=\"\" class=\"wp-image-5959\" srcset=\"https:\/\/www.noticiasmas.com.ar\/wp-content\/uploads\/2024\/04\/WhatsApp-Image-2024-04-19-at-12.13.43-1024x684.jpeg 1024w, https:\/\/www.noticiasmas.com.ar\/wp-content\/uploads\/2024\/04\/WhatsApp-Image-2024-04-19-at-12.13.43-300x200.jpeg 300w, https:\/\/www.noticiasmas.com.ar\/wp-content\/uploads\/2024\/04\/WhatsApp-Image-2024-04-19-at-12.13.43-768x513.jpeg 768w, https:\/\/www.noticiasmas.com.ar\/wp-content\/uploads\/2024\/04\/WhatsApp-Image-2024-04-19-at-12.13.43-150x100.jpeg 150w, https:\/\/www.noticiasmas.com.ar\/wp-content\/uploads\/2024\/04\/WhatsApp-Image-2024-04-19-at-12.13.43-696x465.jpeg 696w, https:\/\/www.noticiasmas.com.ar\/wp-content\/uploads\/2024\/04\/WhatsApp-Image-2024-04-19-at-12.13.43-1068x714.jpeg 1068w, https:\/\/www.noticiasmas.com.ar\/wp-content\/uploads\/2024\/04\/WhatsApp-Image-2024-04-19-at-12.13.43.jpeg 1420w\" sizes=\"auto, (max-width: 1024px) 100vw, 1024px\" \/><\/figure>\n\n\n\n<p><strong>Conectar y fortalecer la red de salud<\/strong><\/p>\n\n\n\n<p>Este trabajo es en articulaci\u00f3n con el resto de las bases del SIES, entre Puerto Gaboto y Villa Constituci\u00f3n. Las tareas son <strong>coordinadas en todo el corredor del sur provincial, con puntos estrat\u00e9gicos como el kil\u00f3metro 22 de la autopista Rosario-Santa Fe donde est\u00e1 el comando principal del Operativo.\u00a0<\/strong><\/p>\n\n\n\n<p>Semanas atr\u00e1s, a los recursos involucrados en este operativo se sum\u00f3 una posta sanitaria del SIES, equipada con una ambulancia, en el Parque Industrial de Alvear, que cedi\u00f3 el espacio y colabor\u00f3 para su instalaci\u00f3n en ese punto estrat\u00e9gico. El espacio qued\u00f3 habilitado de manera permanente en una actividad con la presencia de la ministra Silvia Ciancio. Sobre la incorporaci\u00f3n de la posta, la ministra destac\u00f3 que \u201cconecta y fortalece a la red de salud en el sur, y es parte de la reconstrucci\u00f3n del sistema que estamos llevando adelante con un equipo que quiero destacar porque est\u00e1 al servicio de los santafesinos y santafesinas en toda la provincia\u201d.&nbsp;<\/p>\n\n\n\n<p>Por su parte, el secretario de Log\u00edstica Integrada y Articulaci\u00f3n de Redes, Jorge Stettler detall\u00f3 que la posta trabaja con un centro operativo en Pueblo Esther, \u201cdonde se coordina el servicio de las unidades disponibles en General Lagos, Acebal, Arroyo Seco y Villa Amelia, para dar una respuesta din\u00e1mica a la demanda de la zona, con gran afluencia de camiones\u201d. En esa oportunidad, tambi\u00e9n se entregaron unidades reacondicionadas para prestar servicio en Rold\u00e1n y Centeno.<\/p>\n","protected":false},"excerpt":{"rendered":"<p>A trav\u00e9s del SIES 107, el equipo de salud p\u00fablica participa del trabajo coordinado para asegurar el tr\u00e1nsito de camiones por las rutas santafesinas. No s\u00f3lo se brinda atenci\u00f3n de emergencias sino tambi\u00e9n se coordina con equipos de salud de las localidades que abarca el operativo en temas como vacunaci\u00f3n y prevenci\u00f3n de dengue. Las [&hellip;]<\/p>\n","protected":false},"author":3,"featured_media":5958,"comment_status":"closed","ping_status":"open","sticky":false,"template":"","format":"standard","meta":{"tdm_status":"","tdm_grid_status":"","footnotes":""},"categories":[14],"tags":[1030,53],"class_list":{"0":"post-5957","1":"post","2":"type-post","3":"status-publish","4":"format-standard","5":"has-post-thumbnail","7":"category-provinciales","8":"tag-cosecha-gruesa","9":"tag-salud"},"_links":{"self":[{"href":"https:\/\/www.noticiasmas.com.ar\/index.php\/wp-json\/wp\/v2\/posts\/5957","targetHints":{"allow":["GET"]}}],"collection":[{"href":"https:\/\/www.noticiasmas.com.ar\/index.php\/wp-json\/wp\/v2\/posts"}],"about":[{"href":"https:\/\/www.noticiasmas.com.ar\/index.php\/wp-json\/wp\/v2\/types\/post"}],"author":[{"embeddable":true,"href":"https:\/\/www.noticiasmas.com.ar\/index.php\/wp-json\/wp\/v2\/users\/3"}],"replies":[{"embeddable":true,"href":"https:\/\/www.noticiasmas.com.ar\/index.php\/wp-json\/wp\/v2\/comments?post=5957"}],"version-history":[{"count":1,"href":"https:\/\/www.noticiasmas.com.ar\/index.php\/wp-json\/wp\/v2\/posts\/5957\/revisions"}],"predecessor-version":[{"id":5960,"href":"https:\/\/www.noticiasmas.com.ar\/index.php\/wp-json\/wp\/v2\/posts\/5957\/revisions\/5960"}],"wp:featuredmedia":[{"embeddable":true,"href":"https:\/\/www.noticiasmas.com.ar\/index.php\/wp-json\/wp\/v2\/media\/5958"}],"wp:attachment":[{"href":"https:\/\/www.noticiasmas.com.ar\/index.php\/wp-json\/wp\/v2\/media?parent=5957"}],"wp:term":[{"taxonomy":"category","embeddable":true,"href":"https:\/\/www.noticiasmas.com.ar\/index.php\/wp-json\/wp\/v2\/categories?post=5957"},{"taxonomy":"post_tag","embeddable":true,"href":"https:\/\/www.noticiasmas.com.ar\/index.php\/wp-json\/wp\/v2\/tags?post=5957"}],"curies":[{"name":"wp","href":"https:\/\/api.w.org\/{rel}","templated":true}]}}