{"id":6019,"date":"2024-04-21T19:12:10","date_gmt":"2024-04-21T22:12:10","guid":{"rendered":"https:\/\/www.noticiasmas.com.ar\/?p=6019"},"modified":"2024-04-21T19:12:12","modified_gmt":"2024-04-21T22:12:12","slug":"advierten-que-seran-sancionados-los-camiones-que-lleguen-a-los-puertos-del-cordon-industrial-sin-turno","status":"publish","type":"post","link":"https:\/\/www.noticiasmas.com.ar\/index.php\/2024\/04\/21\/advierten-que-seran-sancionados-los-camiones-que-lleguen-a-los-puertos-del-cordon-industrial-sin-turno\/","title":{"rendered":"Advierten que ser\u00e1n sancionados los camiones que lleguen a los puertos del Cord\u00f3n Industrial sin turno"},"content":{"rendered":"\n<p><\/p>\n\n\n\n<p>Desde la\u00a0<strong>Agencia Provincial de Seguridad Vial<\/strong>, en conjunto con la<strong> Secretar\u00eda de Transporte de Santa Fe<\/strong>, emitieron un comunicado hacia los transportistas que llegan a los puertos del Cord\u00f3n Industrial sobre las posibles sanciones que se les aplicar\u00e1 en caso de que circulen por la regi\u00f3n sin turno de descarga.<\/p>\n\n\n\n<p>La cosecha gruesa genera diariamente un movimiento de m\u00e1s de 10.000 camiones que circulan cargados de cereal por las rutas de la regi\u00f3n. Las consecuencias al tr\u00e1nsito vehicular diario est\u00e1n a la vista, y cada transporte que llega es una carga m\u00e1s al complejo embrollo que vivencian tanto los mismos choferes como los habitantes del Cord\u00f3n Industrial.<\/p>\n\n\n\n<p>Debido a esto, quienes realizan los operativos de tr\u00e1nsito para hacer fluir de la manera m\u00e1s r\u00e1pida posible el tr\u00e1nsito indicaron que <strong>no se puede circular por la regi\u00f3n sin un turno de descarga asignado, o fuera del horario establecido.<\/strong><\/p>\n\n\n\n<p>Esto deber\u00e1 ser comunicado por las terminales agroexportadoras que son quienes reciben a transportistas de todo el pa\u00eds, cuyos granos transportados ser\u00e1n cargados a los barcos y desde all\u00ed hacia los distintos puntos del mundo v\u00eda mar\u00edtima \u2013 fluvial.<\/p>\n\n\n\n<p>\u201cReiteramos a todos los transportes que no vengan con el turno a tiempo a las terminales ser\u00e1n retenidos en los retenes preestablecidos\u201d, afirmaron en el comunicado emitido por la Direcci\u00f3n Provincial de Cargas.<\/p>\n\n\n\n<p>Entre este lunes y las primeras horas del martes, se espera una capacidad completa de los turnos de descarga en toda la regi\u00f3n, por lo que se trabajar\u00e1 al l\u00edmite de las capacidades tanto en las terminales como en los controles. \u201cCaso contrario a lo antes expuesto, la APSV y los inspectores de la Secretar\u00eda de Transporte realizar\u00e1n las multas pertinentes\u201d, agregaron.<\/p>\n","protected":false},"excerpt":{"rendered":"<p>Desde la\u00a0Agencia Provincial de Seguridad Vial, en conjunto con la Secretar\u00eda de Transporte de Santa Fe, emitieron un comunicado hacia los transportistas que llegan a los puertos del Cord\u00f3n Industrial sobre las posibles sanciones que se les aplicar\u00e1 en caso de que circulen por la regi\u00f3n sin turno de descarga. La cosecha gruesa genera diariamente [&hellip;]<\/p>\n","protected":false},"author":9,"featured_media":6020,"comment_status":"closed","ping_status":"open","sticky":false,"template":"","format":"standard","meta":{"tdm_status":"","tdm_grid_status":"","footnotes":""},"categories":[13],"tags":[1032,1061,1031,666,687],"class_list":{"0":"post-6019","1":"post","2":"type-post","3":"status-publish","4":"format-standard","5":"has-post-thumbnail","7":"category-region","8":"tag-camiones","9":"tag-cordon-industrial","10":"tag-puertos","11":"tag-rutas","12":"tag-secretaria-de-transporte"},"_links":{"self":[{"href":"https:\/\/www.noticiasmas.com.ar\/index.php\/wp-json\/wp\/v2\/posts\/6019","targetHints":{"allow":["GET"]}}],"collection":[{"href":"https:\/\/www.noticiasmas.com.ar\/index.php\/wp-json\/wp\/v2\/posts"}],"about":[{"href":"https:\/\/www.noticiasmas.com.ar\/index.php\/wp-json\/wp\/v2\/types\/post"}],"author":[{"embeddable":true,"href":"https:\/\/www.noticiasmas.com.ar\/index.php\/wp-json\/wp\/v2\/users\/9"}],"replies":[{"embeddable":true,"href":"https:\/\/www.noticiasmas.com.ar\/index.php\/wp-json\/wp\/v2\/comments?post=6019"}],"version-history":[{"count":1,"href":"https:\/\/www.noticiasmas.com.ar\/index.php\/wp-json\/wp\/v2\/posts\/6019\/revisions"}],"predecessor-version":[{"id":6021,"href":"https:\/\/www.noticiasmas.com.ar\/index.php\/wp-json\/wp\/v2\/posts\/6019\/revisions\/6021"}],"wp:featuredmedia":[{"embeddable":true,"href":"https:\/\/www.noticiasmas.com.ar\/index.php\/wp-json\/wp\/v2\/media\/6020"}],"wp:attachment":[{"href":"https:\/\/www.noticiasmas.com.ar\/index.php\/wp-json\/wp\/v2\/media?parent=6019"}],"wp:term":[{"taxonomy":"category","embeddable":true,"href":"https:\/\/www.noticiasmas.com.ar\/index.php\/wp-json\/wp\/v2\/categories?post=6019"},{"taxonomy":"post_tag","embeddable":true,"href":"https:\/\/www.noticiasmas.com.ar\/index.php\/wp-json\/wp\/v2\/tags?post=6019"}],"curies":[{"name":"wp","href":"https:\/\/api.w.org\/{rel}","templated":true}]}}