{"id":6199,"date":"2024-04-30T15:47:44","date_gmt":"2024-04-30T18:47:44","guid":{"rendered":"https:\/\/www.noticiasmas.com.ar\/?p=6199"},"modified":"2024-04-30T15:47:45","modified_gmt":"2024-04-30T18:47:45","slug":"el-gobierno-provincial-ofrecio-un-10-de-aumento-y-no-conforma-a-los-gremios-docentes","status":"publish","type":"post","link":"https:\/\/www.noticiasmas.com.ar\/index.php\/2024\/04\/30\/el-gobierno-provincial-ofrecio-un-10-de-aumento-y-no-conforma-a-los-gremios-docentes\/","title":{"rendered":"El gobierno provincial ofreci\u00f3 un 10% de aumento y no conforma a los gremios docentes"},"content":{"rendered":"\n<p><\/p>\n\n\n\n<p>La <strong>paritaria docente <\/strong>contin\u00faa siendo negociada por parte de los sindicatos y el gobierno provincial. El \u00faltimo lunes, la oferta fue oficializada y no conforma al ala gremial.<\/p>\n\n\n\n<p>El gobierno provincial hizo una oferta de un<strong> incremento del 10%<\/strong> en los pr\u00f3ximos dos meses, divididos en partes iguales en un <strong>5% en abril y otro 5% en mayo.<\/strong><\/p>\n\n\n\n<p>Por el momento, los gremios docentes no aceptar\u00edan esa propuesta, que no conforma las expectativas previstas principalmente de lo que ser\u00e1 la inflaci\u00f3n en los pr\u00f3ximos meses, la cual no bajar\u00eda de forma mensual de los dos d\u00edgitos.<\/p>\n\n\n\n<p>\u201c<strong>La propuesta no da cuenta de la inflaci\u00f3n de los primeros meses del a\u00f1o<\/strong>, no hay compensaci\u00f3n por la rebaja salarial que sufrimos con la p\u00e9rdida del incentivo docente\u201d, indic\u00f3 <strong>Rodrigo Alonso<\/strong>, secretario general de AMSAFE, en di\u00e1logo con la prensa desde la capital provincial.<\/p>\n\n\n\n<p>Adem\u00e1s, volvi\u00f3 a rechazar el plus salarial por asistencia perfecta para docentes. \u201cPara nosotros es un presentismo, porque hay compa\u00f1eros y compa\u00f1eras que est\u00e1n yendo enfermos a trabajar para cobrar este plus\u201d, se quej\u00f3 el dirigente gremial.<\/p>\n\n\n\n<p>El incremento tendr\u00e1 como base el sueldo de marzo, y es igual al presentado a los trabajadores de la administraci\u00f3n central.<\/p>\n\n\n\n<p><strong>Los docentes evaluar\u00e1n la oferta en asamblea provincial el viernes pr\u00f3ximo.<\/strong> Por otra parte, los funcionarios santafesinos adelantaron que presentar\u00e1n un recurso judicial para reclamarle a Naci\u00f3n el pago del Fondo Nacional de Incentivo Docente (Fonid).<\/p>\n","protected":false},"excerpt":{"rendered":"<p>La paritaria docente contin\u00faa siendo negociada por parte de los sindicatos y el gobierno provincial. El \u00faltimo lunes, la oferta fue oficializada y no conforma al ala gremial. El gobierno provincial hizo una oferta de un incremento del 10% en los pr\u00f3ximos dos meses, divididos en partes iguales en un 5% en abril y otro [&hellip;]<\/p>\n","protected":false},"author":9,"featured_media":6200,"comment_status":"closed","ping_status":"open","sticky":false,"template":"","format":"standard","meta":{"tdm_status":"","tdm_grid_status":"","footnotes":""},"categories":[14],"tags":[800,1624,187,1365,926,18],"class_list":{"0":"post-6199","1":"post","2":"type-post","3":"status-publish","4":"format-standard","5":"has-post-thumbnail","7":"category-provinciales","8":"tag-amsafe","9":"tag-gremios-docentes","10":"tag-inflacion-2","11":"tag-paritaria","12":"tag-paritaria-docente","13":"tag-santa-fe"},"_links":{"self":[{"href":"https:\/\/www.noticiasmas.com.ar\/index.php\/wp-json\/wp\/v2\/posts\/6199","targetHints":{"allow":["GET"]}}],"collection":[{"href":"https:\/\/www.noticiasmas.com.ar\/index.php\/wp-json\/wp\/v2\/posts"}],"about":[{"href":"https:\/\/www.noticiasmas.com.ar\/index.php\/wp-json\/wp\/v2\/types\/post"}],"author":[{"embeddable":true,"href":"https:\/\/www.noticiasmas.com.ar\/index.php\/wp-json\/wp\/v2\/users\/9"}],"replies":[{"embeddable":true,"href":"https:\/\/www.noticiasmas.com.ar\/index.php\/wp-json\/wp\/v2\/comments?post=6199"}],"version-history":[{"count":1,"href":"https:\/\/www.noticiasmas.com.ar\/index.php\/wp-json\/wp\/v2\/posts\/6199\/revisions"}],"predecessor-version":[{"id":6201,"href":"https:\/\/www.noticiasmas.com.ar\/index.php\/wp-json\/wp\/v2\/posts\/6199\/revisions\/6201"}],"wp:featuredmedia":[{"embeddable":true,"href":"https:\/\/www.noticiasmas.com.ar\/index.php\/wp-json\/wp\/v2\/media\/6200"}],"wp:attachment":[{"href":"https:\/\/www.noticiasmas.com.ar\/index.php\/wp-json\/wp\/v2\/media?parent=6199"}],"wp:term":[{"taxonomy":"category","embeddable":true,"href":"https:\/\/www.noticiasmas.com.ar\/index.php\/wp-json\/wp\/v2\/categories?post=6199"},{"taxonomy":"post_tag","embeddable":true,"href":"https:\/\/www.noticiasmas.com.ar\/index.php\/wp-json\/wp\/v2\/tags?post=6199"}],"curies":[{"name":"wp","href":"https:\/\/api.w.org\/{rel}","templated":true}]}}